{"id":1344,"date":"2021-01-16T13:00:17","date_gmt":"2021-01-16T19:00:17","guid":{"rendered":"https:\/\/nvnoticias.mx\/?p=1344"},"modified":"2021-01-16T13:00:19","modified_gmt":"2021-01-16T19:00:19","slug":"rechaza-caleb-plant-pelea-con-el-canelo-alvarez","status":"publish","type":"post","link":"https:\/\/nvnoticias.mx\/index.php\/2021\/01\/16\/rechaza-caleb-plant-pelea-con-el-canelo-alvarez\/","title":{"rendered":"Rechaza Caleb Plant pelea con el Canelo \u00c1lvarez"},"content":{"rendered":"\n<p>El boxeador norteamericano,\u00a0Caleb Plant, dio a conocer las razones por las que rechaz\u00f3 una oferta para enfrentarse al Canelo \u00c1lvarez, y es que pretend\u00edan que el enfrentamiento fuera con muy poco tiempo de preparaci\u00f3n, por lo que decidi\u00f3 no aceptar. <\/p>\n\n\n\n<blockquote class=\"wp-block-quote is-layout-flow wp-block-quote-is-layout-flow\"><p>\u201cSoy un peleador, y eso es lo que quiero hacer, pero mi manejador Luis de Cubas sent\u00eda que con solo cinco semanas de aviso, que es alrededor de cuatro semanas de entrenamiento, no eran suficientes para una pelea de esa magnitud, y no quiso firmar la pelea\u201d.<\/p><\/blockquote>\n\n\n\n<p>\u201cSoy un peleador, quiero pelear, eso es lo que amo hacer\u201d. Caleb afirm\u00f3 que la pelea contra \u00c1lvarez se dar\u00e1 tarde o temprano, pues ambos buscan pelear contra los mejores para as\u00ed tener un mayor reconocimiento. <\/p>\n\n\n\n<p><a href=\"https:\/\/www.mediotiempo.com\/mas-deportes\/box\/caleb-plant-rechazo-pelea-canelo-alvarez-increible-razon\">Fuente: Medio Tiempo<\/a><\/p>\n","protected":false},"excerpt":{"rendered":"<p>El boxeador norteamericano,\u00a0Caleb Plant, dio a conocer las razones por las que rechaz\u00f3 una oferta para enfrentarse al Canelo \u00c1lvarez, y es que pretend\u00edan que el enfrentamiento fuera con muy poco tiempo de preparaci\u00f3n, por lo que decidi\u00f3 no aceptar. \u201cSoy un peleador, y eso es lo que quiero hacer, pero mi manejador Luis de [&hellip;]<\/p>\n","protected":false},"author":6,"featured_media":1345,"comment_status":"open","ping_status":"open","sticky":false,"template":"","format":"standard","meta":{"_monsterinsights_skip_tracking":false,"_monsterinsights_sitenote_active":false,"_monsterinsights_sitenote_note":"","_monsterinsights_sitenote_category":0,"footnotes":""},"categories":[159],"tags":[256,460,459],"class_list":["post-1344","post","type-post","status-publish","format-standard","has-post-thumbnail","hentry","category-deportes","tag-box","tag-caleb-plant","tag-canelo-alvarez","wp-image-borders"],"amp_enabled":true,"_links":{"self":[{"href":"https:\/\/nvnoticias.mx\/index.php\/wp-json\/wp\/v2\/posts\/1344","targetHints":{"allow":["GET"]}}],"collection":[{"href":"https:\/\/nvnoticias.mx\/index.php\/wp-json\/wp\/v2\/posts"}],"about":[{"href":"https:\/\/nvnoticias.mx\/index.php\/wp-json\/wp\/v2\/types\/post"}],"author":[{"embeddable":true,"href":"https:\/\/nvnoticias.mx\/index.php\/wp-json\/wp\/v2\/users\/6"}],"replies":[{"embeddable":true,"href":"https:\/\/nvnoticias.mx\/index.php\/wp-json\/wp\/v2\/comments?post=1344"}],"version-history":[{"count":1,"href":"https:\/\/nvnoticias.mx\/index.php\/wp-json\/wp\/v2\/posts\/1344\/revisions"}],"predecessor-version":[{"id":1346,"href":"https:\/\/nvnoticias.mx\/index.php\/wp-json\/wp\/v2\/posts\/1344\/revisions\/1346"}],"wp:featuredmedia":[{"embeddable":true,"href":"https:\/\/nvnoticias.mx\/index.php\/wp-json\/wp\/v2\/media\/1345"}],"wp:attachment":[{"href":"https:\/\/nvnoticias.mx\/index.php\/wp-json\/wp\/v2\/media?parent=1344"}],"wp:term":[{"taxonomy":"category","embeddable":true,"href":"https:\/\/nvnoticias.mx\/index.php\/wp-json\/wp\/v2\/categories?post=1344"},{"taxonomy":"post_tag","embeddable":true,"href":"https:\/\/nvnoticias.mx\/index.php\/wp-json\/wp\/v2\/tags?post=1344"}],"curies":[{"name":"wp","href":"https:\/\/api.w.org\/{rel}","templated":true}]}}