{"id":134346,"date":"2024-01-02T11:02:35","date_gmt":"2024-01-02T17:02:35","guid":{"rendered":"https:\/\/nvnoticias.mx\/?p=134346"},"modified":"2024-01-02T11:02:36","modified_gmt":"2024-01-02T17:02:36","slug":"aumentara-la-tarifa-de-los-hoteles-en-este-inicio-de-ano","status":"publish","type":"post","link":"https:\/\/nvnoticias.mx\/index.php\/2024\/01\/02\/aumentara-la-tarifa-de-los-hoteles-en-este-inicio-de-ano\/","title":{"rendered":"Aumentar\u00e1 la tarifa de los hoteles en este inicio de a\u00f1o"},"content":{"rendered":"\n<p><strong>Jes\u00fas Utrilla | NV Noticias <\/strong><\/p>\n\n\n\n<p>Aunque la mayor\u00eda de hoteles en Veracruz y Boca del R\u00edo a\u00fan aplica la tarifa de temporada, deber\u00e1 revisarse la tarifa de 2024, ante el aumento de los gastos operativos. Fernando Ortiz Gonz\u00e1lez, presidente de la Comisi\u00f3n Metropolitana Tur\u00edstica de la Asociaci\u00f3n de Hoteles y Moteles de Veracruz, record\u00f3 que el salario m\u00ednimo subir\u00e1 20 por ciento este a\u00f1o, pero adem\u00e1s habr\u00e1 ajustes inflacionarios como ocurre de manera c\u00edclica. Pese a ello Veracruz continuar\u00e1 siendo un destino accesible para los paseantes, como lo ha sido hasta ahora.<\/p>\n\n\n\n<blockquote class=\"wp-block-quote is-layout-flow wp-block-quote-is-layout-flow\"><p>\u201cLas tarifas hemos tenido ajustes durante el a\u00f1o completo, no debemos perder de vista que los ajustes inflacionarios se dieron en todo, en nuestros costos de operaci\u00f3n y as\u00ed como se dieron los ajustes salariales en alrededor de 20 por ciento no podemos descartar e iremos haciendo ajustes\u201d.<\/p><\/blockquote>\n\n\n\n<p>Destac\u00f3 que no todos los hoteles aplican ajustes al alza de las tarifas, es decir, depender\u00e1 de cada hospedaje modificar o no sus precios al hu\u00e9sped.<\/p>\n\n\n\n<p>Afirm\u00f3 que Veracruz volvi\u00f3 a posicionarse en el \u00e1nimo nacional de la industria sin chimeneas por lo cual el cierre de 2023 ser\u00e1 positivo para la hoteler\u00eda y otros segmentos.<\/p>\n\n\n\n<blockquote class=\"wp-block-quote is-layout-flow wp-block-quote-is-layout-flow\"><p>\u201cLa recuperaci\u00f3n de los momentos dif\u00edciles que nos trajo la pandemia se ha venido dando de manera muy acelerada y sentimos que Veracruz se ha vuelto a poner de moda\u201d.<\/p><\/blockquote>\n\n\n\n<p>Estim\u00f3 que en esta primera semana de enero ser\u00e1 de movilidad y generaci\u00f3n de derrama econ\u00f3mica.<\/p>\n","protected":false},"excerpt":{"rendered":"<p>Jes\u00fas Utrilla | NV Noticias Aunque la mayor\u00eda de hoteles en Veracruz y Boca del R\u00edo a\u00fan aplica la tarifa de temporada, deber\u00e1 revisarse la tarifa de 2024, ante el aumento de los gastos operativos. Fernando Ortiz Gonz\u00e1lez, presidente de la Comisi\u00f3n Metropolitana Tur\u00edstica de la Asociaci\u00f3n de Hoteles y Moteles de Veracruz, record\u00f3 que [&hellip;]<\/p>\n","protected":false},"author":35,"featured_media":8803,"comment_status":"open","ping_status":"open","sticky":false,"template":"","format":"standard","meta":{"_monsterinsights_skip_tracking":false,"_monsterinsights_sitenote_active":false,"_monsterinsights_sitenote_note":"","_monsterinsights_sitenote_category":0,"footnotes":""},"categories":[154],"tags":[14096,10065],"class_list":["post-134346","post","type-post","status-publish","format-standard","has-post-thumbnail","hentry","category-veracruz","tag-aumentara","tag-hotel","wp-image-borders"],"amp_enabled":true,"_links":{"self":[{"href":"https:\/\/nvnoticias.mx\/index.php\/wp-json\/wp\/v2\/posts\/134346","targetHints":{"allow":["GET"]}}],"collection":[{"href":"https:\/\/nvnoticias.mx\/index.php\/wp-json\/wp\/v2\/posts"}],"about":[{"href":"https:\/\/nvnoticias.mx\/index.php\/wp-json\/wp\/v2\/types\/post"}],"author":[{"embeddable":true,"href":"https:\/\/nvnoticias.mx\/index.php\/wp-json\/wp\/v2\/users\/35"}],"replies":[{"embeddable":true,"href":"https:\/\/nvnoticias.mx\/index.php\/wp-json\/wp\/v2\/comments?post=134346"}],"version-history":[{"count":1,"href":"https:\/\/nvnoticias.mx\/index.php\/wp-json\/wp\/v2\/posts\/134346\/revisions"}],"predecessor-version":[{"id":134347,"href":"https:\/\/nvnoticias.mx\/index.php\/wp-json\/wp\/v2\/posts\/134346\/revisions\/134347"}],"wp:featuredmedia":[{"embeddable":true,"href":"https:\/\/nvnoticias.mx\/index.php\/wp-json\/wp\/v2\/media\/8803"}],"wp:attachment":[{"href":"https:\/\/nvnoticias.mx\/index.php\/wp-json\/wp\/v2\/media?parent=134346"}],"wp:term":[{"taxonomy":"category","embeddable":true,"href":"https:\/\/nvnoticias.mx\/index.php\/wp-json\/wp\/v2\/categories?post=134346"},{"taxonomy":"post_tag","embeddable":true,"href":"https:\/\/nvnoticias.mx\/index.php\/wp-json\/wp\/v2\/tags?post=134346"}],"curies":[{"name":"wp","href":"https:\/\/api.w.org\/{rel}","templated":true}]}}