{"id":13434,"date":"2021-05-15T13:27:17","date_gmt":"2021-05-15T18:27:17","guid":{"rendered":"https:\/\/nvnoticias.mx\/?p=13434"},"modified":"2021-05-15T13:27:18","modified_gmt":"2021-05-15T18:27:18","slug":"comienzan-a-reactivarse-donaciones-a-fundaciones","status":"publish","type":"post","link":"https:\/\/nvnoticias.mx\/index.php\/2021\/05\/15\/comienzan-a-reactivarse-donaciones-a-fundaciones\/","title":{"rendered":"Comienzan a reactivarse donaciones a fundaciones"},"content":{"rendered":"\n<p><strong>Jes\u00fas Utrilla \/ NV Noticias <\/strong><\/p>\n\n\n\n<p>Comenzaron a reactivarse las donaciones hacia diferentes fundaciones, luego de meses de crisis derivado del coronavirus.<\/p>\n\n\n\n<p>Susana Lara Garc\u00eda, presidenta de la Asociaci\u00f3n Mexicana Veracruz, admiti\u00f3 que se nota m\u00e1s participaci\u00f3n.<\/p>\n\n\n\n<p>La agrupaci\u00f3n recibe arroz, frijol, lenteja, az\u00facar, leche, ropa, juguetes, papel de ba\u00f1o, productos de higiene personal, caretas, cubrebocas, gel antibacterial, productos de limpieza adem\u00e1s de recurso econ\u00f3mico.<\/p>\n\n\n\n<p>Actualmente apoyan a m\u00e1s de 124 familias con ni\u00f1os enfermos de c\u00e1ncer.<br>Se trata de familias de 60 municipios como Naranjos, Coatzacoalcos, Minatitl\u00e1n e incluso de Oaxaca.<\/p>\n\n\n\n<blockquote class=\"wp-block-quote is-layout-flow wp-block-quote-is-layout-flow\"><p><em>\u201cCon la ropa en buen estado hacemos un bazar el primero y el tercer jueves del mes, lo ponemos aqu\u00ed afuera de la sede para hacernos de recursos y recibimos tambi\u00e9n el reciclaje\u201d.<\/em><\/p><\/blockquote>\n\n\n\n<p>Puntualiz\u00f3 que comienza tambi\u00e9n a reactivarse el reciclaje, adem\u00e1s que cuentan con el apoyo del ayuntamiento.<\/p>\n\n\n\n<blockquote class=\"wp-block-quote is-layout-flow wp-block-quote-is-layout-flow\"><p><em>\u201cSeguimos invitando a la gente que siga trayendo aqu\u00ed a AMANC, tenemos una bodeguita ah\u00ed en frente, ah\u00ed vamos acumulando el material, ya viene el reciclador y se lo lleva\u201d.<\/em><\/p><\/blockquote>\n\n\n\n<p>Los recursos de la venta del material reciclaje se invierte en el transporte y adquisici\u00f3n de medicamentos.<\/p>\n","protected":false},"excerpt":{"rendered":"<p>Jes\u00fas Utrilla \/ NV Noticias Comenzaron a reactivarse las donaciones hacia diferentes fundaciones, luego de meses de crisis derivado del coronavirus. Susana Lara Garc\u00eda, presidenta de la Asociaci\u00f3n Mexicana Veracruz, admiti\u00f3 que se nota m\u00e1s participaci\u00f3n. La agrupaci\u00f3n recibe arroz, frijol, lenteja, az\u00facar, leche, ropa, juguetes, papel de ba\u00f1o, productos de higiene personal, caretas, cubrebocas, [&hellip;]<\/p>\n","protected":false},"author":6,"featured_media":7187,"comment_status":"open","ping_status":"open","sticky":false,"template":"","format":"standard","meta":{"_monsterinsights_skip_tracking":false,"_monsterinsights_sitenote_active":false,"_monsterinsights_sitenote_note":"","_monsterinsights_sitenote_category":0,"footnotes":""},"categories":[154],"tags":[2137,3729,3730],"class_list":["post-13434","post","type-post","status-publish","format-standard","has-post-thumbnail","hentry","category-veracruz","tag-amanc","tag-donaciones","tag-fundaciones","wp-image-borders"],"amp_enabled":true,"_links":{"self":[{"href":"https:\/\/nvnoticias.mx\/index.php\/wp-json\/wp\/v2\/posts\/13434","targetHints":{"allow":["GET"]}}],"collection":[{"href":"https:\/\/nvnoticias.mx\/index.php\/wp-json\/wp\/v2\/posts"}],"about":[{"href":"https:\/\/nvnoticias.mx\/index.php\/wp-json\/wp\/v2\/types\/post"}],"author":[{"embeddable":true,"href":"https:\/\/nvnoticias.mx\/index.php\/wp-json\/wp\/v2\/users\/6"}],"replies":[{"embeddable":true,"href":"https:\/\/nvnoticias.mx\/index.php\/wp-json\/wp\/v2\/comments?post=13434"}],"version-history":[{"count":1,"href":"https:\/\/nvnoticias.mx\/index.php\/wp-json\/wp\/v2\/posts\/13434\/revisions"}],"predecessor-version":[{"id":13435,"href":"https:\/\/nvnoticias.mx\/index.php\/wp-json\/wp\/v2\/posts\/13434\/revisions\/13435"}],"wp:featuredmedia":[{"embeddable":true,"href":"https:\/\/nvnoticias.mx\/index.php\/wp-json\/wp\/v2\/media\/7187"}],"wp:attachment":[{"href":"https:\/\/nvnoticias.mx\/index.php\/wp-json\/wp\/v2\/media?parent=13434"}],"wp:term":[{"taxonomy":"category","embeddable":true,"href":"https:\/\/nvnoticias.mx\/index.php\/wp-json\/wp\/v2\/categories?post=13434"},{"taxonomy":"post_tag","embeddable":true,"href":"https:\/\/nvnoticias.mx\/index.php\/wp-json\/wp\/v2\/tags?post=13434"}],"curies":[{"name":"wp","href":"https:\/\/api.w.org\/{rel}","templated":true}]}}