{"id":13432,"date":"2021-05-15T13:08:10","date_gmt":"2021-05-15T18:08:10","guid":{"rendered":"https:\/\/nvnoticias.mx\/?p=13432"},"modified":"2021-05-15T13:08:11","modified_gmt":"2021-05-15T18:08:11","slug":"nuestra-idiosincrasia-y-el-estado-de-derecho","status":"publish","type":"post","link":"https:\/\/nvnoticias.mx\/index.php\/2021\/05\/15\/nuestra-idiosincrasia-y-el-estado-de-derecho\/","title":{"rendered":"Nuestra idiosincrasia y el Estado de Derecho"},"content":{"rendered":"\n<p>Ya lo dijo el l\u00edder de la bancada de MORENA en la C\u00e1mara de Diputados,\u00a0Ignacio Mier: las leyes son conservadoras y la justicia es revolucionaria. Esta descripci\u00f3n representa desprecio por el Estado de Derecho y por nuestra\u00a0Constituci\u00f3n\u00a0y adem\u00e1s, es una provocaci\u00f3n directa.<\/p>\n\n\n\n<p>A MORENA y a las instituciones que ya controla la 4T, les tiene sin cuidado la inconstitucionalidad de cualquier propuesta legislativa, lo cual nos pone frente a un grave riesgo, que es fracturar nuestra democracia y la libertad que esta garantiza.<\/p>\n\n\n\n<p>Sin embargo, el mayor riesgo lo constituye que esta incongruencia se vive en un contexto social grave: que es la actitud de franca rebeld\u00eda de la\u00a0sociedad mexicana\u00a0frente a todo tipo de \u201cautoridad\u201d y al marco jur\u00eddico que regula la vida nacional.<\/p>\n\n\n\n<p>Quiz\u00e1 la clase media instruida, que muestra una tendencia hacia la racionalidad, entiende la necesidad de contar con un sistema jur\u00eddico que nos proteja de la barbarie y la ley de la selva. Sin embargo, a\u00fan ah\u00ed, en este\u00a0sector social, en el inconsciente colectivo persiste de modo intuitivo un resentimiento contra los abusos de autoridad perpetrados a lo largo de los a\u00f1os por autoridades menores.<\/p>\n\n\n\n<p>Por tanto, los graves riesgos para nuestro pa\u00eds se centran en la p\u00e9rdida del respeto a la \u201cautoridad\u201d por parte del pueblo. Jam\u00e1s hab\u00edamos visto que los pobladores de peque\u00f1as comunidades agredan y desarmen a militares cuando est\u00e1n uniformados y en cumplimiento de una misi\u00f3n oficial y los obliguen a retirarse sin cumplir su encomienda, as\u00ed como tambi\u00e9n que los delincuentes, en lugar de evitar acercarse a los militares o a la polic\u00eda, como suced\u00eda antes, hoy los provoquen y los agredan.<\/p>\n\n\n\n<p>As\u00ed vemos tambi\u00e9n que el infractor a las reglas de tr\u00e1nsito puede agredir a los agentes de la secretar\u00eda de vialidad de su demarcaci\u00f3n con la aprobaci\u00f3n de los transe\u00fantes y la inacci\u00f3n de las otras autoridades, pasmadas ante el temor de que su intervenci\u00f3n sea grabada por un ciudadano y exhibida en redes sociales para luego ser calificada, incluso por los gobernantes, como represi\u00f3n y ello sea motivo de un castigo, impuesto por sus jefes para aplacar la ira del \u201crespetable p\u00fablico\u201d.<\/p>\n\n\n\n<p>Esta actitud ciudadana refleja primeramente graves rencores respecto al abuso de autoridad y violaci\u00f3n de derechos humanos por\u00a0cuerpos policiacos, algunos miembros de las fuerzas armadas, as\u00ed como del Poder Judicial, a lo largo de los a\u00f1os.<\/p>\n\n\n\n<p>Por ello vemos que hoy se fustiga al poder judicial y el pueblo aplaude a rabiar vitoreando al \u201cdedo flam\u00edgero\u201d que lo se\u00f1ala como corrupto. Y es que la gente entiende esto como una reivindicaci\u00f3n justiciera que desde \u201cla autoridad gubernamental\u201d castiga a los jueces.<\/p>\n\n\n\n<p>Por tanto, el \u201cciudadano de a pie\u201d percibe a todos los detractores del Poder Judicial como \u201csuper h\u00e9roes\u201d. M\u00e1s a\u00fan, si el mismo presidente desde las ma\u00f1aneras arrasa contra todos present\u00e1ndolos como corruptos, sin diferenciar entre los jueces y magistrados honorables, -que s\u00ed los hay- y quienes seguramente s\u00ed merecen el apelativo de corruptos, pues entonces nos enfrentamos al linchamiento p\u00fablico del\u00a0Estado de Derecho, sustentado en un esp\u00edritu de\u00a0venganza colectiva.<\/p>\n\n\n\n<p>Este desgaste, m\u00e1s que estar motivado por la finalidad de aplicar la justicia, lleva el objetivo de cercar y derrotar al Poder Judicial para que ya debilitado, sea sometido a la autoridad personal del presidente de la Rep\u00fablica.<\/p>\n\n\n\n<p>Sin embargo, estos resentimientos ciudadanos evidencian una grave crisis de valores c\u00edvicos, que llegan al extremo de considerar al robo como un acto de justicia social.<\/p>\n\n\n\n<p>Cada vez que una comunidad, de las miles que est\u00e1n asentadas al pie de las v\u00edas del sistema ferroviario nacional detienen un vag\u00f3n de ferrocarril y lo someten al pillaje, se autojustifican sin el menor remordimiento. Es la nueva cultura social impulsada por la naciente \u201clucha de clases\u201d, que nos divide como sociedad.<\/p>\n\n\n\n<p>El nuestro es un caso ins\u00f3lito en la\u00a0comunidad internacional, entre los pa\u00edses del mismo nivel de desarrollo de M\u00e9xico.<\/p>\n\n\n\n<p>Para entender este fen\u00f3meno social podemos recurrir al estudio realizado por el Dr. Philip Zimbardo, investigador de la Universidad de Stanford, titulado \u201cTeor\u00eda de las ventanas rotas\u201d.<\/p>\n\n\n\n<p>Este estudio mostr\u00f3 que cuando inicia el desorden y esto deriva en impunidad, conforme evoluciona, cada vez se vuelve m\u00e1s dif\u00edcil frenarlo.<\/p>\n\n\n\n<p>Esto es lo que sucede cuando a las instituciones que velan por el Estado de Derecho las descalifican precisamente desde la Presidencia de la Rep\u00fablica.<\/p>\n\n\n\n<p>Es inaceptable que quienes como miembros del poder legislativo y del ejecutivo juraron defender nuestra Constituci\u00f3n, se burlen de ella a trav\u00e9s de la m\u00e1s burda demagogia y capitalizando agravios que nuestro pueblo viene arrastrando desde hace siglos.<\/p>\n\n\n\n<p>Quienes han socavado el respeto a las leyes y con ello a la Constituci\u00f3n, son precisamente quienes deben protegerla.<\/p>\n\n\n\n<p>Pu\u00f1alada al Estado de Derecho fue la declaraci\u00f3n del senador con licencia\u00a0F\u00e9lix Salgado Macedonio: \u201cSi no estoy en la boleta no hay elecciones en\u00a0Guerrero\u201d.<\/p>\n\n\n\n<p>Debemos reconocer que los mexicanos no tenemos vocaci\u00f3n constitucionalista, que es la esencia del Estado de Derecho, pues el individualismo que nos caracteriza como sociedad nos impulsa a anteponer nuestros intereses personales a los colectivos. Las reglas colectivas, las normas y las leyes nacen del mismo pacto social que dio origen a la sociedad que hoy conocemos y eso nos permite la convivencia pac\u00edfica.<\/p>\n\n\n\n<p>Sin embargo, en la pr\u00e1ctica cotidiana el mexicano, hasta hace muy pocos a\u00f1os, prefer\u00eda el orden y aun recelando de quienes ejerc\u00edan la autoridad y se extralimitaban, manifestaba respeto por las instituciones y por el marco jur\u00eddico. Ello garantizaba la gobernabilidad, paz social y la convivencia pac\u00edfica que disfrut\u00f3 nuestro pa\u00eds hasta hace poco. \u00bfQu\u00e9 se rompi\u00f3 en nuestro M\u00e9xico?<\/p>\n\n\n\n<p>Seguramente es la lucha de clases que hoy est\u00e1 siendo convocada por gente que ya se ha alejado de la izquierda y por quienes de plano nunca han militado en ella, lo que est\u00e1 exacerbando los \u00e1nimos colectivos e incitando a perder el respeto a las instituciones, con lo cual est\u00e1 despertando al \u201cM\u00e9xico b\u00e1rbaro\u201d. Sin embargo, este \u00e1nimo colectivo se puede salir de control.<\/p>\n\n\n\n<p>No es el mismo contexto del \u201cM\u00e9xico b\u00e1rbaro\u201d, descrito por el autor norteamericano\u00a0J.F. Turner\u00a0en su libro publicado en 1909, pleno de injusticias que detonaron la revoluci\u00f3n mexicana, que el M\u00e9xico b\u00e1rbaro y violento del 2021, acosado por el crimen organizado, donde desaparece gente con total impunidad y donde un desquiciado por simple gusto roc\u00eda de gasolina a una indigente septuagenaria y luego le prende fuego, por citar ejemplos.<\/p>\n\n\n\n<p>Gente con trayectoria en la izquierda como Roger Bartra, quien public\u00f3 su libro \u201cEl regreso a la jaula\u201d, o el activista\u00a0Gilberto Guevara Niebla, uno de los l\u00edderes del movimiento estudiantil de 1968 y Porfirio Mu\u00f1oz Ledo, quien indiscutiblemente fue uno de los protagonistas de la lucha por la alternancia democr\u00e1tica que llev\u00f3 al presidente L\u00f3pez Obrador al poder, en una transici\u00f3n democr\u00e1tica, pac\u00edfica, madura, desconocen la visi\u00f3n izquierdista de la 4T.<\/p>\n\n\n\n<p>Podr\u00edamos concluir que, concediendo que nuestras instituciones aut\u00f3nomas son imperfectas y en el pasado puedan haber ca\u00eddo en excesos, es fundamental preservarlas independientes para generar contrapesos pol\u00edticos. Es lo \u00fanico que hoy tenemos para evitar llegar al M\u00e9xico b\u00e1rbaro que asoma en el horizonte, azuzado desde la 4T.<\/p>\n\n\n\n<p>Siempre podremos estar peor\u2026<\/p>\n\n\n\n<p>\u00bfA usted qu\u00e9 le parece?<\/p>\n\n\n\n<p class=\"has-text-align-right\"><em>Facebook: @Ricardo.Homs1<br>Twitter: @homsricardo<br>Linkedin: Ricardo Homs<br>Instagram: @ricardo.homs<br><a href=\"http:\/\/www.ricardohoms.com\/\">www.ricardohoms.com<\/a><\/em><\/p>\n","protected":false},"excerpt":{"rendered":"<p>Ya lo dijo el l\u00edder de la bancada de MORENA en la C\u00e1mara de Diputados,\u00a0Ignacio Mier: las leyes son conservadoras y la justicia es revolucionaria. Esta descripci\u00f3n representa desprecio por el Estado de Derecho y por nuestra\u00a0Constituci\u00f3n\u00a0y adem\u00e1s, es una provocaci\u00f3n directa. A MORENA y a las instituciones que ya controla la 4T, les tiene [&hellip;]<\/p>\n","protected":false},"author":18,"featured_media":7988,"comment_status":"open","ping_status":"open","sticky":false,"template":"","format":"standard","meta":{"_monsterinsights_skip_tracking":false,"_monsterinsights_sitenote_active":false,"_monsterinsights_sitenote_note":"","_monsterinsights_sitenote_category":0,"footnotes":""},"categories":[246],"tags":[173],"class_list":["post-13432","post","type-post","status-publish","format-standard","has-post-thumbnail","hentry","category-ricardo-homs","tag-ricardo-homs","wp-image-borders"],"amp_enabled":true,"_links":{"self":[{"href":"https:\/\/nvnoticias.mx\/index.php\/wp-json\/wp\/v2\/posts\/13432","targetHints":{"allow":["GET"]}}],"collection":[{"href":"https:\/\/nvnoticias.mx\/index.php\/wp-json\/wp\/v2\/posts"}],"about":[{"href":"https:\/\/nvnoticias.mx\/index.php\/wp-json\/wp\/v2\/types\/post"}],"author":[{"embeddable":true,"href":"https:\/\/nvnoticias.mx\/index.php\/wp-json\/wp\/v2\/users\/18"}],"replies":[{"embeddable":true,"href":"https:\/\/nvnoticias.mx\/index.php\/wp-json\/wp\/v2\/comments?post=13432"}],"version-history":[{"count":1,"href":"https:\/\/nvnoticias.mx\/index.php\/wp-json\/wp\/v2\/posts\/13432\/revisions"}],"predecessor-version":[{"id":13433,"href":"https:\/\/nvnoticias.mx\/index.php\/wp-json\/wp\/v2\/posts\/13432\/revisions\/13433"}],"wp:featuredmedia":[{"embeddable":true,"href":"https:\/\/nvnoticias.mx\/index.php\/wp-json\/wp\/v2\/media\/7988"}],"wp:attachment":[{"href":"https:\/\/nvnoticias.mx\/index.php\/wp-json\/wp\/v2\/media?parent=13432"}],"wp:term":[{"taxonomy":"category","embeddable":true,"href":"https:\/\/nvnoticias.mx\/index.php\/wp-json\/wp\/v2\/categories?post=13432"},{"taxonomy":"post_tag","embeddable":true,"href":"https:\/\/nvnoticias.mx\/index.php\/wp-json\/wp\/v2\/tags?post=13432"}],"curies":[{"name":"wp","href":"https:\/\/api.w.org\/{rel}","templated":true}]}}