{"id":134217,"date":"2023-12-30T15:26:59","date_gmt":"2023-12-30T21:26:59","guid":{"rendered":"https:\/\/nvnoticias.mx\/?p=134217"},"modified":"2023-12-30T15:26:59","modified_gmt":"2023-12-30T21:26:59","slug":"benzema-desaparece-nadie-lo-encuentra-aplazan-juego","status":"publish","type":"post","link":"https:\/\/nvnoticias.mx\/index.php\/2023\/12\/30\/benzema-desaparece-nadie-lo-encuentra-aplazan-juego\/","title":{"rendered":"Benzema desaparece, nadie lo encuentra, aplazan juego"},"content":{"rendered":"\n<p>El encuentro entre el Al Taee y el Al Ittihad, en el que milita el franc\u00e9s Karim Benzema, correspondiente a la decimonovena jornada de la Liga de Arabia Saud\u00ed, ha sido aplazado porque el avi\u00f3n en el que viajaba el equipo visitante no pudo aterrizar en el aeropuerto internacional de Hail debido a las malas condiciones climatol\u00f3gicas.<\/p>\n\n\n\n<p>&#8220;El Departamento de Competiciones de la Liga Profesional Saud\u00ed anuncia el aplazamiento del partido entre el Al Taie y el Al Ittihad&#8221;, indicaba por redes sociales el organismo organizador de la competici\u00f3n al recibir una notificaci\u00f3n de la aerol\u00ednea que transportaba a la expedici\u00f3n del Al Ittihad y que no pudo tomar tierra por el mal tiempo.<\/p>\n\n\n\n<p>El choque se jugar\u00e1 el mi\u00e9rcoles 7 de febrero en el estadio Pr\u00edncipe Abdul Aziz Bin Masaad una vez se reanude la competici\u00f3n tras el par\u00f3n por la Copa de Asia.<\/p>\n\n\n\n<p>Entre la expedici\u00f3n del Al Ittihad, alejado de los primeros puestos, s\u00e9ptimo en la clasificaci\u00f3n y con tres derrotas seguidas en sus \u00faltimos compromisos, no se encontraba su estrella Karim Benzema que abandon\u00f3 inesperadamente Arabia Saud\u00ed y que ha generado numerosas especulaciones sobre su futuro.<\/p>\n\n\n\n<p>El atacante, objeto de numerosas cr\u00edticas por los malos resultados de su equipo, se ausent\u00f3 de los \u00faltimos entrenamientos de su equipo y no hab\u00eda sido incluido en la convocatoria para el partido contra el Al Taee.&nbsp;<\/p>\n","protected":false},"excerpt":{"rendered":"<p>El encuentro entre el Al Taee y el Al Ittihad, en el que milita el franc\u00e9s Karim Benzema, correspondiente a la decimonovena jornada de la Liga de Arabia Saud\u00ed, ha sido aplazado porque el avi\u00f3n en el que viajaba el equipo visitante no pudo aterrizar en el aeropuerto internacional de Hail debido a las malas [&hellip;]<\/p>\n","protected":false},"author":8,"featured_media":134218,"comment_status":"open","ping_status":"open","sticky":false,"template":"","format":"standard","meta":{"_monsterinsights_skip_tracking":false,"_monsterinsights_sitenote_active":false,"_monsterinsights_sitenote_note":"","_monsterinsights_sitenote_category":0,"footnotes":""},"categories":[159],"tags":[20284],"class_list":["post-134217","post","type-post","status-publish","format-standard","has-post-thumbnail","hentry","category-deportes","tag-karim-benzema","wp-image-borders"],"amp_enabled":true,"_links":{"self":[{"href":"https:\/\/nvnoticias.mx\/index.php\/wp-json\/wp\/v2\/posts\/134217","targetHints":{"allow":["GET"]}}],"collection":[{"href":"https:\/\/nvnoticias.mx\/index.php\/wp-json\/wp\/v2\/posts"}],"about":[{"href":"https:\/\/nvnoticias.mx\/index.php\/wp-json\/wp\/v2\/types\/post"}],"author":[{"embeddable":true,"href":"https:\/\/nvnoticias.mx\/index.php\/wp-json\/wp\/v2\/users\/8"}],"replies":[{"embeddable":true,"href":"https:\/\/nvnoticias.mx\/index.php\/wp-json\/wp\/v2\/comments?post=134217"}],"version-history":[{"count":1,"href":"https:\/\/nvnoticias.mx\/index.php\/wp-json\/wp\/v2\/posts\/134217\/revisions"}],"predecessor-version":[{"id":134219,"href":"https:\/\/nvnoticias.mx\/index.php\/wp-json\/wp\/v2\/posts\/134217\/revisions\/134219"}],"wp:featuredmedia":[{"embeddable":true,"href":"https:\/\/nvnoticias.mx\/index.php\/wp-json\/wp\/v2\/media\/134218"}],"wp:attachment":[{"href":"https:\/\/nvnoticias.mx\/index.php\/wp-json\/wp\/v2\/media?parent=134217"}],"wp:term":[{"taxonomy":"category","embeddable":true,"href":"https:\/\/nvnoticias.mx\/index.php\/wp-json\/wp\/v2\/categories?post=134217"},{"taxonomy":"post_tag","embeddable":true,"href":"https:\/\/nvnoticias.mx\/index.php\/wp-json\/wp\/v2\/tags?post=134217"}],"curies":[{"name":"wp","href":"https:\/\/api.w.org\/{rel}","templated":true}]}}