{"id":134213,"date":"2023-12-30T15:19:30","date_gmt":"2023-12-30T21:19:30","guid":{"rendered":"https:\/\/nvnoticias.mx\/?p=134213"},"modified":"2023-12-30T15:19:30","modified_gmt":"2023-12-30T21:19:30","slug":"fallecieron-10-ninos-con-cancer-durante-el-2023-en-veracruz","status":"publish","type":"post","link":"https:\/\/nvnoticias.mx\/index.php\/2023\/12\/30\/fallecieron-10-ninos-con-cancer-durante-el-2023-en-veracruz\/","title":{"rendered":"Fallecieron 10 ni\u00f1os con c\u00e1ncer durante el 2023 en Veracruz"},"content":{"rendered":"\n<p>En el transcurso del 2023 desafortunadamente&nbsp;<strong>fallecieron 10 ni\u00f1os que padec\u00edan c\u00e1ncer y que eran atendidos en el Hospital Infantil de Veracruz, tambi\u00e9n conocido como Torre Pedi\u00e1trica.<\/strong><\/p>\n\n\n\n<p>Cora de Jes\u00fas Rodr\u00edguez, vocera de padres de ni\u00f1os con c\u00e1ncer, afirm\u00f3 que el n\u00famero de decesos, por distintos tipos de c\u00e1ncer,&nbsp;es menor al que se registraba en a\u00f1os anteriores.<\/p>\n\n\n\n<blockquote class=\"wp-block-quote is-layout-flow wp-block-quote-is-layout-flow\"><p><strong><em>&#8220;El servicio (en el hospital) es bueno, lamentablemente era la falta de medicamentos en forma y fecha; en la actualidad los medicamentos oncol\u00f3gicos ya se cuentan con ellos y eso ayuda para que los peque\u00f1os tengan sus tratamientos<\/em>&#8220;.<\/strong><\/p><\/blockquote>\n\n\n\n<p>Indic\u00f3 que desde el mes de septiembre pasado se regulariz\u00f3 el abasto de medicinas que son utilizadas para combatir la enfermedad.<\/p>\n\n\n\n<p>La expectativa es que para el 2024 el sistema de salud se fortalezca,<strong>&nbsp;que no hagan falta f\u00e1rmacos para que la esperanza de vida entre los peque\u00f1os sea mayor.<\/strong><\/p>\n\n\n\n<p>Sin embargo, subray\u00f3 que el c\u00e1ncer deteriora r\u00e1pidamente el cuerpo de los pacientes por lo que es necesario que se les proporciona tratamiento lo m\u00e1s pronto posible.<\/p>\n","protected":false},"excerpt":{"rendered":"<p>En el transcurso del 2023 desafortunadamente&nbsp;fallecieron 10 ni\u00f1os que padec\u00edan c\u00e1ncer y que eran atendidos en el Hospital Infantil de Veracruz, tambi\u00e9n conocido como Torre Pedi\u00e1trica. Cora de Jes\u00fas Rodr\u00edguez, vocera de padres de ni\u00f1os con c\u00e1ncer, afirm\u00f3 que el n\u00famero de decesos, por distintos tipos de c\u00e1ncer,&nbsp;es menor al que se registraba en a\u00f1os [&hellip;]<\/p>\n","protected":false},"author":8,"featured_media":83691,"comment_status":"open","ping_status":"open","sticky":false,"template":"","format":"standard","meta":{"_monsterinsights_skip_tracking":false,"_monsterinsights_sitenote_active":false,"_monsterinsights_sitenote_note":"","_monsterinsights_sitenote_category":0,"footnotes":""},"categories":[154],"tags":[4309,3943,4712,162],"class_list":["post-134213","post","type-post","status-publish","format-standard","has-post-thumbnail","hentry","category-veracruz","tag-4309","tag-fallecimientos","tag-ninos-con-cancer","tag-portada","wp-image-borders"],"amp_enabled":true,"_links":{"self":[{"href":"https:\/\/nvnoticias.mx\/index.php\/wp-json\/wp\/v2\/posts\/134213","targetHints":{"allow":["GET"]}}],"collection":[{"href":"https:\/\/nvnoticias.mx\/index.php\/wp-json\/wp\/v2\/posts"}],"about":[{"href":"https:\/\/nvnoticias.mx\/index.php\/wp-json\/wp\/v2\/types\/post"}],"author":[{"embeddable":true,"href":"https:\/\/nvnoticias.mx\/index.php\/wp-json\/wp\/v2\/users\/8"}],"replies":[{"embeddable":true,"href":"https:\/\/nvnoticias.mx\/index.php\/wp-json\/wp\/v2\/comments?post=134213"}],"version-history":[{"count":1,"href":"https:\/\/nvnoticias.mx\/index.php\/wp-json\/wp\/v2\/posts\/134213\/revisions"}],"predecessor-version":[{"id":134214,"href":"https:\/\/nvnoticias.mx\/index.php\/wp-json\/wp\/v2\/posts\/134213\/revisions\/134214"}],"wp:featuredmedia":[{"embeddable":true,"href":"https:\/\/nvnoticias.mx\/index.php\/wp-json\/wp\/v2\/media\/83691"}],"wp:attachment":[{"href":"https:\/\/nvnoticias.mx\/index.php\/wp-json\/wp\/v2\/media?parent=134213"}],"wp:term":[{"taxonomy":"category","embeddable":true,"href":"https:\/\/nvnoticias.mx\/index.php\/wp-json\/wp\/v2\/categories?post=134213"},{"taxonomy":"post_tag","embeddable":true,"href":"https:\/\/nvnoticias.mx\/index.php\/wp-json\/wp\/v2\/tags?post=134213"}],"curies":[{"name":"wp","href":"https:\/\/api.w.org\/{rel}","templated":true}]}}