{"id":1339,"date":"2021-01-16T12:40:15","date_gmt":"2021-01-16T18:40:15","guid":{"rendered":"https:\/\/nvnoticias.mx\/?p=1339"},"modified":"2021-01-16T12:40:16","modified_gmt":"2021-01-16T18:40:16","slug":"analiza-la-ceapp-programa-de-apoyos-economicos-para-periodistas-que-hayan-sufrido-covid-19","status":"publish","type":"post","link":"https:\/\/nvnoticias.mx\/index.php\/2021\/01\/16\/analiza-la-ceapp-programa-de-apoyos-economicos-para-periodistas-que-hayan-sufrido-covid-19\/","title":{"rendered":"Analiza la CEAPP programa de apoyos econ\u00f3micos para periodistas que hayan sufrido covid-19"},"content":{"rendered":"\n<p><strong>Sam Ojeda \/ NV Noticias<\/strong><\/p>\n\n\n\n<p>Xalapa.- La Comisi\u00f3n Estatal de Atenci\u00f3n y Protecci\u00f3n a Periodistas (CEAPP) podr\u00eda implementar una segunda edici\u00f3n del programa de apoyo econ\u00f3mico emergente que se realiz\u00f3 en 2020 para periodistas o familiares que tuvieron covid-19.<\/p>\n\n\n\n<p>El secretario ejecutivo de la CEAPP, Israel Hern\u00e1ndez, indic\u00f3 que el a\u00f1o pasado se entregaron 55 apoyos econ\u00f3micos consistentes en 6 mil 161 pesos.\u00a0 \u00a0<\/p>\n\n\n\n<figure class=\"wp-block-image size-large\"><img loading=\"lazy\" decoding=\"async\" width=\"960\" height=\"640\" src=\"https:\/\/nvnoticias.mx\/wp-content\/uploads\/2021\/01\/israel-hernandez.jpg\" alt=\"\" class=\"wp-image-1340\" srcset=\"https:\/\/nvnoticias.mx\/wp-content\/uploads\/2021\/01\/israel-hernandez.jpg 960w, https:\/\/nvnoticias.mx\/wp-content\/uploads\/2021\/01\/israel-hernandez-300x200.jpg 300w, https:\/\/nvnoticias.mx\/wp-content\/uploads\/2021\/01\/israel-hernandez-768x512.jpg 768w\" sizes=\"auto, (max-width: 960px) 100vw, 960px\" \/><figcaption>Foto: Facebook Israel Hern\u00e1ndez<\/figcaption><\/figure>\n\n\n\n<blockquote class=\"wp-block-quote is-layout-flow wp-block-quote-is-layout-flow\"><p>\u201cLo primero que se hizo es que se acreditaran como periodistas y en segunda instancia que tambi\u00e9n hayan tenido padecimiento de covid, a trav\u00e9s de estudios y medicamentos\u201d.<\/p><\/blockquote>\n\n\n\n<p>Sin embargo, aclar\u00f3 que este a\u00f1o el programa depender\u00e1 del recurso econ\u00f3mico que tenga la CEAPP as\u00ed como el comportamiento de la pandemia.<\/p>\n\n\n\n<blockquote class=\"wp-block-quote is-layout-flow wp-block-quote-is-layout-flow\"><p>\u201cLos colegas est\u00e1n atravesando por una situaci\u00f3n econ\u00f3mica adversa, tanto empresas como periodistas, entonces pudi\u00e9ramos valorar a mediano plazo una segunda edici\u00f3n\u201d.<\/p><\/blockquote>\n\n\n\n<p>Israel Hern\u00e1ndez admiti\u00f3 que durante los primeros d\u00edas de enero hubo entre cinco y siete casos de periodistas que solicitaron la atenci\u00f3n de los Servicios de Salud de Veracruz para casos sospechosos de covid-19.<\/p>\n","protected":false},"excerpt":{"rendered":"<p>El secretario ejecutivo de la CEAPP, Israel Hern\u00e1ndez, indic\u00f3 que el a\u00f1o pasado se entregaron 55 apoyos econ\u00f3micos consistentes en 6 mil 161 pesos.   <\/p>\n","protected":false},"author":6,"featured_media":1341,"comment_status":"open","ping_status":"open","sticky":false,"template":"","format":"standard","meta":{"_monsterinsights_skip_tracking":false,"_monsterinsights_sitenote_active":false,"_monsterinsights_sitenote_note":"","_monsterinsights_sitenote_category":0,"footnotes":""},"categories":[156],"tags":[458,456,175,457],"class_list":["post-1339","post","type-post","status-publish","format-standard","has-post-thumbnail","hentry","category-estado","tag-apoyos","tag-ceapp","tag-covid-19","tag-periodistas","wp-image-borders"],"amp_enabled":true,"_links":{"self":[{"href":"https:\/\/nvnoticias.mx\/index.php\/wp-json\/wp\/v2\/posts\/1339","targetHints":{"allow":["GET"]}}],"collection":[{"href":"https:\/\/nvnoticias.mx\/index.php\/wp-json\/wp\/v2\/posts"}],"about":[{"href":"https:\/\/nvnoticias.mx\/index.php\/wp-json\/wp\/v2\/types\/post"}],"author":[{"embeddable":true,"href":"https:\/\/nvnoticias.mx\/index.php\/wp-json\/wp\/v2\/users\/6"}],"replies":[{"embeddable":true,"href":"https:\/\/nvnoticias.mx\/index.php\/wp-json\/wp\/v2\/comments?post=1339"}],"version-history":[{"count":1,"href":"https:\/\/nvnoticias.mx\/index.php\/wp-json\/wp\/v2\/posts\/1339\/revisions"}],"predecessor-version":[{"id":1342,"href":"https:\/\/nvnoticias.mx\/index.php\/wp-json\/wp\/v2\/posts\/1339\/revisions\/1342"}],"wp:featuredmedia":[{"embeddable":true,"href":"https:\/\/nvnoticias.mx\/index.php\/wp-json\/wp\/v2\/media\/1341"}],"wp:attachment":[{"href":"https:\/\/nvnoticias.mx\/index.php\/wp-json\/wp\/v2\/media?parent=1339"}],"wp:term":[{"taxonomy":"category","embeddable":true,"href":"https:\/\/nvnoticias.mx\/index.php\/wp-json\/wp\/v2\/categories?post=1339"},{"taxonomy":"post_tag","embeddable":true,"href":"https:\/\/nvnoticias.mx\/index.php\/wp-json\/wp\/v2\/tags?post=1339"}],"curies":[{"name":"wp","href":"https:\/\/api.w.org\/{rel}","templated":true}]}}