{"id":133882,"date":"2023-12-27T13:42:53","date_gmt":"2023-12-27T19:42:53","guid":{"rendered":"https:\/\/nvnoticias.mx\/?p=133882"},"modified":"2023-12-27T13:42:55","modified_gmt":"2023-12-27T19:42:55","slug":"revela-amlo-que-dejara-de-practicar-el-beisbol-tras-entregar-la-banda-presidencial","status":"publish","type":"post","link":"https:\/\/nvnoticias.mx\/index.php\/2023\/12\/27\/revela-amlo-que-dejara-de-practicar-el-beisbol-tras-entregar-la-banda-presidencial\/","title":{"rendered":"Revela AMLO que dejar\u00e1 de practicar el b\u00e9isbol tras entregar la banda presidencial"},"content":{"rendered":"\n<p>Adem\u00e1s de su retiro pol\u00edtico, el\u00a0<strong>presidente Andr\u00e9s Manuel L\u00f3pez Obrador<\/strong>\u00a0revel\u00f3 que una vez que entregue la\u00a0<strong>banda presidencial\u00a0<\/strong>en\u00a0<strong>2024\u00a0<\/strong>dejar\u00e1 de practicar su deporte favorito, el\u00a0<strong>b\u00e9isbol<\/strong>.<\/p>\n\n\n\n<blockquote class=\"wp-block-quote is-layout-flow wp-block-quote-is-layout-flow\"><p>\u201cNo se va a poder porque hay que salir\u201d, dijo el Mandatario, quien coment\u00f3 que tambi\u00e9n les advertir\u00e1 a sus hijos que no hablar\u00e1 nada de pol\u00edtica.<\/p><\/blockquote>\n\n\n\n<blockquote class=\"wp-block-quote is-layout-flow wp-block-quote-is-layout-flow\"><p>\u201cUna vez que entregue la banda ya me jubilo y no voy a atender a nadie, siempre voy a recordar a todos con amor, con mucho cari\u00f1o; pero yo ya no voy a tener ninguna relaci\u00f3n, m\u00e1s que la familiar y eso con la advertencia a mis hijos que no hablemos de pol\u00edtica, que platiquemos de otras cosas\u201d.<\/p><\/blockquote>\n\n\n\n<p>El Presidente de la Rep\u00fablica reiter\u00f3 que vivir\u00e1 en su quinta de Palenque, Chiapas, entre \u00e1rboles como la ceiba, observando guacamayas y dedicado de tiempo completa a redactar un libro sobre el conservadurismo en M\u00e9xico.<\/p>\n\n\n\n<blockquote class=\"wp-block-quote is-layout-flow wp-block-quote-is-layout-flow\"><p>\u201cMi rutina ser\u00e1 levantarme temprano y caminar 5 kil\u00f3metros y luego al ba\u00f1o, desayuno, una o dos vueltecitas m\u00e1s cortas y a sentarme dos horas.<\/p><\/blockquote>\n\n\n\n<blockquote class=\"wp-block-quote is-layout-flow wp-block-quote-is-layout-flow\"><p>\u201cCamino, me tomo un caf\u00e9 o un pozol y me vuelvo a sentar hasta las 13 o 13:30 que es la hora de la comida, caminar y luego a sentarme, a trabajar ocho horas y escribir\u201d.<\/p><\/blockquote>\n\n\n\n<p><\/p>\n\n\n\n<blockquote class=\"wp-block-quote is-layout-flow wp-block-quote-is-layout-flow\"><p>\u201cY as\u00ed, desde luego cuando hablo de caminar es ir viendo los \u00e1rboles, el maculi, la ceiba, ver si no tiene pudrici\u00f3n la guan\u00e1bana, escuchar a los p\u00e1jaros, las guacamayas, a ver si tengo suerte que se ponen en las copas de los \u00e1rboles. Contemplar los verdes, para qu\u00e9 quiero m\u00e1s vida pol\u00edtica si ah\u00ed los verdes se amotinan\u201d.<\/p><\/blockquote>\n\n\n\n<p>Fuente: <a href=\"https:\/\/www.eluniversal.com.mx\/nacion\/siempre-voy-a-recordar-a-todos-con-amor-amlo-revela-que-dejara-de-practicar-el-beisbol-tras-entregar-la-banda-presidencial\/\" data-type=\"URL\" data-id=\"https:\/\/www.eluniversal.com.mx\/nacion\/siempre-voy-a-recordar-a-todos-con-amor-amlo-revela-que-dejara-de-practicar-el-beisbol-tras-entregar-la-banda-presidencial\/\">El Universal<\/a> <\/p>\n","protected":false},"excerpt":{"rendered":"<p>Adem\u00e1s de su retiro pol\u00edtico, el\u00a0presidente Andr\u00e9s Manuel L\u00f3pez Obrador\u00a0revel\u00f3 que una vez que entregue la\u00a0banda presidencial\u00a0en\u00a02024\u00a0dejar\u00e1 de practicar su deporte favorito, el\u00a0b\u00e9isbol. \u201cNo se va a poder porque hay que salir\u201d, dijo el Mandatario, quien coment\u00f3 que tambi\u00e9n les advertir\u00e1 a sus hijos que no hablar\u00e1 nada de pol\u00edtica. \u201cUna vez que entregue la [&hellip;]<\/p>\n","protected":false},"author":35,"featured_media":78417,"comment_status":"open","ping_status":"open","sticky":false,"template":"","format":"standard","meta":{"_monsterinsights_skip_tracking":false,"_monsterinsights_sitenote_active":false,"_monsterinsights_sitenote_note":"","_monsterinsights_sitenote_category":0,"footnotes":""},"categories":[157],"tags":[188,1060,23662,6350,8599],"class_list":["post-133882","post","type-post","status-publish","format-standard","has-post-thumbnail","hentry","category-nacional","tag-amlo","tag-beisbol","tag-practicar","tag-presidencial","tag-revela","wp-image-borders"],"amp_enabled":true,"_links":{"self":[{"href":"https:\/\/nvnoticias.mx\/index.php\/wp-json\/wp\/v2\/posts\/133882","targetHints":{"allow":["GET"]}}],"collection":[{"href":"https:\/\/nvnoticias.mx\/index.php\/wp-json\/wp\/v2\/posts"}],"about":[{"href":"https:\/\/nvnoticias.mx\/index.php\/wp-json\/wp\/v2\/types\/post"}],"author":[{"embeddable":true,"href":"https:\/\/nvnoticias.mx\/index.php\/wp-json\/wp\/v2\/users\/35"}],"replies":[{"embeddable":true,"href":"https:\/\/nvnoticias.mx\/index.php\/wp-json\/wp\/v2\/comments?post=133882"}],"version-history":[{"count":3,"href":"https:\/\/nvnoticias.mx\/index.php\/wp-json\/wp\/v2\/posts\/133882\/revisions"}],"predecessor-version":[{"id":133885,"href":"https:\/\/nvnoticias.mx\/index.php\/wp-json\/wp\/v2\/posts\/133882\/revisions\/133885"}],"wp:featuredmedia":[{"embeddable":true,"href":"https:\/\/nvnoticias.mx\/index.php\/wp-json\/wp\/v2\/media\/78417"}],"wp:attachment":[{"href":"https:\/\/nvnoticias.mx\/index.php\/wp-json\/wp\/v2\/media?parent=133882"}],"wp:term":[{"taxonomy":"category","embeddable":true,"href":"https:\/\/nvnoticias.mx\/index.php\/wp-json\/wp\/v2\/categories?post=133882"},{"taxonomy":"post_tag","embeddable":true,"href":"https:\/\/nvnoticias.mx\/index.php\/wp-json\/wp\/v2\/tags?post=133882"}],"curies":[{"name":"wp","href":"https:\/\/api.w.org\/{rel}","templated":true}]}}