{"id":133823,"date":"2023-12-27T10:04:15","date_gmt":"2023-12-27T16:04:15","guid":{"rendered":"https:\/\/nvnoticias.mx\/?p=133823"},"modified":"2023-12-27T10:04:16","modified_gmt":"2023-12-27T16:04:16","slug":"no-vamos-a-actuar-de-manera-tramposa-amlo-sobre-registro-de-personas-desaparecidas","status":"publish","type":"post","link":"https:\/\/nvnoticias.mx\/index.php\/2023\/12\/27\/no-vamos-a-actuar-de-manera-tramposa-amlo-sobre-registro-de-personas-desaparecidas\/","title":{"rendered":"No vamos a actuar de manera tramposa: AMLO sobre registro de personas desaparecidas"},"content":{"rendered":"\n<p>\u201cNo vamos nosotros a actuar de manera tramposa porque eso es contrario a nuestros principios e ideales\u201d, dijo el presidente&nbsp;<strong>Andr\u00e9s Manuel L\u00f3pez Obrador&nbsp;<\/strong>sobre el registro de&nbsp;<strong>personas desaparecidas.<\/strong><\/p>\n\n\n\n<p>Al presentarse en la ma\u00f1anera la Estrategia Nacional de B\u00fasqueda Generalizada, L\u00f3pez Obrador acus\u00f3 que el conservadurismo es af\u00edn \u201ca la mentira\u201d y \u201ca la falsedad\u201d.<\/p>\n\n\n\n<p>\u201cNosotros no, nunca har\u00edamos algo as\u00ed de cambiar un resultado\u201d, expres\u00f3 L\u00f3pez Obrador.<\/p>\n\n\n\n<blockquote class=\"wp-block-quote is-layout-flow wp-block-quote-is-layout-flow\"><p>\u201cVa a quedar completamente claro, es un proceso, esto se tiene que atender para que no quede ninguna duda, porque ya hay indicios que se quiere usar esto con fines politiqueros\u201d, agreg\u00f3.<\/p><\/blockquote>\n\n\n\n<blockquote class=\"wp-block-quote is-layout-flow wp-block-quote-is-layout-flow\"><p>\u201cEstamos trabajando todos los d\u00edas por los que sufren, por los desaparecidos\u201d, declar\u00f3 el Presidente y reiter\u00f3 que \u201cno se est\u00e1n borrando\u201d personas desaparecidas.<\/p><\/blockquote>\n\n\n\n<p>Fuente: <a href=\"https:\/\/www.eluniversal.com.mx\/nacion\/no-vamos-a-actuar-de-manera-tramposa-dice-amlo-sobre-registro-de-personas-desaparecidas\/\" data-type=\"URL\" data-id=\"https:\/\/www.eluniversal.com.mx\/nacion\/no-vamos-a-actuar-de-manera-tramposa-dice-amlo-sobre-registro-de-personas-desaparecidas\/\">El Universal<\/a> <\/p>\n","protected":false},"excerpt":{"rendered":"<p>\u201cNo vamos nosotros a actuar de manera tramposa porque eso es contrario a nuestros principios e ideales\u201d, dijo el presidente&nbsp;Andr\u00e9s Manuel L\u00f3pez Obrador&nbsp;sobre el registro de&nbsp;personas desaparecidas. Al presentarse en la ma\u00f1anera la Estrategia Nacional de B\u00fasqueda Generalizada, L\u00f3pez Obrador acus\u00f3 que el conservadurismo es af\u00edn \u201ca la mentira\u201d y \u201ca la falsedad\u201d. \u201cNosotros no, [&hellip;]<\/p>\n","protected":false},"author":35,"featured_media":93031,"comment_status":"open","ping_status":"open","sticky":false,"template":"","format":"standard","meta":{"_monsterinsights_skip_tracking":false,"_monsterinsights_sitenote_active":false,"_monsterinsights_sitenote_note":"","_monsterinsights_sitenote_category":0,"footnotes":""},"categories":[157],"tags":[188,855,162],"class_list":["post-133823","post","type-post","status-publish","format-standard","has-post-thumbnail","hentry","category-nacional","tag-amlo","tag-personas-desaparecidas","tag-portada","wp-image-borders"],"amp_enabled":true,"_links":{"self":[{"href":"https:\/\/nvnoticias.mx\/index.php\/wp-json\/wp\/v2\/posts\/133823","targetHints":{"allow":["GET"]}}],"collection":[{"href":"https:\/\/nvnoticias.mx\/index.php\/wp-json\/wp\/v2\/posts"}],"about":[{"href":"https:\/\/nvnoticias.mx\/index.php\/wp-json\/wp\/v2\/types\/post"}],"author":[{"embeddable":true,"href":"https:\/\/nvnoticias.mx\/index.php\/wp-json\/wp\/v2\/users\/35"}],"replies":[{"embeddable":true,"href":"https:\/\/nvnoticias.mx\/index.php\/wp-json\/wp\/v2\/comments?post=133823"}],"version-history":[{"count":3,"href":"https:\/\/nvnoticias.mx\/index.php\/wp-json\/wp\/v2\/posts\/133823\/revisions"}],"predecessor-version":[{"id":133826,"href":"https:\/\/nvnoticias.mx\/index.php\/wp-json\/wp\/v2\/posts\/133823\/revisions\/133826"}],"wp:featuredmedia":[{"embeddable":true,"href":"https:\/\/nvnoticias.mx\/index.php\/wp-json\/wp\/v2\/media\/93031"}],"wp:attachment":[{"href":"https:\/\/nvnoticias.mx\/index.php\/wp-json\/wp\/v2\/media?parent=133823"}],"wp:term":[{"taxonomy":"category","embeddable":true,"href":"https:\/\/nvnoticias.mx\/index.php\/wp-json\/wp\/v2\/categories?post=133823"},{"taxonomy":"post_tag","embeddable":true,"href":"https:\/\/nvnoticias.mx\/index.php\/wp-json\/wp\/v2\/tags?post=133823"}],"curies":[{"name":"wp","href":"https:\/\/api.w.org\/{rel}","templated":true}]}}