{"id":133808,"date":"2023-12-26T20:03:31","date_gmt":"2023-12-27T02:03:31","guid":{"rendered":"https:\/\/nvnoticias.mx\/?p=133808"},"modified":"2023-12-26T20:03:32","modified_gmt":"2023-12-27T02:03:32","slug":"jorge-sanchez-esta-muy-cerca-de-volver-a-la-liga-mx","status":"publish","type":"post","link":"https:\/\/nvnoticias.mx\/index.php\/2023\/12\/26\/jorge-sanchez-esta-muy-cerca-de-volver-a-la-liga-mx\/","title":{"rendered":"Jorge S\u00e1nchez est\u00e1 muy cerca de volver a la Liga MX"},"content":{"rendered":"\n<p>El futbolista mexicano, Jorge S\u00e1nchez no ha tenido el rendimiento que \u00e9l hubiera querido durante su traves\u00eda por el f\u00fatbol europeo, motivo por el cual estar\u00eda pensando en regresar a la Liga MX.<\/p>\n\n\n\n<p>Reportes de W Depotes se\u00f1alan que Jorge S\u00e1nchez est\u00e1 en el radar del Club Am\u00e9rica para volver al cuadro con el que fue campe\u00f3n y posteriormente sali\u00f3 con rumbo al &#8216;Viejo Continente&#8217;.\u00a0<\/p>\n\n\n\n<blockquote class=\"wp-block-quote is-layout-flow wp-block-quote-is-layout-flow\"><p>&#8220;<em>El primero de los nombres es Jorge S\u00e1nchez, que ya fue Campe\u00f3n con Am\u00e9rica, gan\u00f3 3 t\u00edtulos y despu\u00e9s de a\u00f1o y medio en el viejo continente, sin mucha fortuna, pegar\u00eda la vuelta del Porto. Su llegada ser\u00eda a manera de cesi\u00f3n, con posible opci\u00f3n a compra en verano<\/em>&#8220;, se\u00f1ala W Deportes en su sitio web.<\/p><\/blockquote>\n\n\n\n<p>Cabe se\u00f1alar que dicho medio tambi\u00e9n coloca al mexicano Gerardo Arteaga como una de las alternativas del vigente campe\u00f3n de la Liga MX para reforzar su plantel con miras al Torneo Clausura 2024.<\/p>\n","protected":false},"excerpt":{"rendered":"<p>El futbolista mexicano, Jorge S\u00e1nchez no ha tenido el rendimiento que \u00e9l hubiera querido durante su traves\u00eda por el f\u00fatbol europeo, motivo por el cual estar\u00eda pensando en regresar a la Liga MX. Reportes de W Depotes se\u00f1alan que Jorge S\u00e1nchez est\u00e1 en el radar del Club Am\u00e9rica para volver al cuadro con el que [&hellip;]<\/p>\n","protected":false},"author":8,"featured_media":133809,"comment_status":"open","ping_status":"open","sticky":false,"template":"","format":"standard","meta":{"_monsterinsights_skip_tracking":false,"_monsterinsights_sitenote_active":false,"_monsterinsights_sitenote_note":"","_monsterinsights_sitenote_category":0,"footnotes":""},"categories":[159],"tags":[28813,917],"class_list":["post-133808","post","type-post","status-publish","format-standard","has-post-thumbnail","hentry","category-deportes","tag-jorge-sanchez","tag-liga-mx","wp-image-borders"],"amp_enabled":true,"_links":{"self":[{"href":"https:\/\/nvnoticias.mx\/index.php\/wp-json\/wp\/v2\/posts\/133808","targetHints":{"allow":["GET"]}}],"collection":[{"href":"https:\/\/nvnoticias.mx\/index.php\/wp-json\/wp\/v2\/posts"}],"about":[{"href":"https:\/\/nvnoticias.mx\/index.php\/wp-json\/wp\/v2\/types\/post"}],"author":[{"embeddable":true,"href":"https:\/\/nvnoticias.mx\/index.php\/wp-json\/wp\/v2\/users\/8"}],"replies":[{"embeddable":true,"href":"https:\/\/nvnoticias.mx\/index.php\/wp-json\/wp\/v2\/comments?post=133808"}],"version-history":[{"count":1,"href":"https:\/\/nvnoticias.mx\/index.php\/wp-json\/wp\/v2\/posts\/133808\/revisions"}],"predecessor-version":[{"id":133810,"href":"https:\/\/nvnoticias.mx\/index.php\/wp-json\/wp\/v2\/posts\/133808\/revisions\/133810"}],"wp:featuredmedia":[{"embeddable":true,"href":"https:\/\/nvnoticias.mx\/index.php\/wp-json\/wp\/v2\/media\/133809"}],"wp:attachment":[{"href":"https:\/\/nvnoticias.mx\/index.php\/wp-json\/wp\/v2\/media?parent=133808"}],"wp:term":[{"taxonomy":"category","embeddable":true,"href":"https:\/\/nvnoticias.mx\/index.php\/wp-json\/wp\/v2\/categories?post=133808"},{"taxonomy":"post_tag","embeddable":true,"href":"https:\/\/nvnoticias.mx\/index.php\/wp-json\/wp\/v2\/tags?post=133808"}],"curies":[{"name":"wp","href":"https:\/\/api.w.org\/{rel}","templated":true}]}}