{"id":133726,"date":"2023-12-26T12:31:57","date_gmt":"2023-12-26T18:31:57","guid":{"rendered":"https:\/\/nvnoticias.mx\/?p=133726"},"modified":"2023-12-26T12:31:58","modified_gmt":"2023-12-26T18:31:58","slug":"exigen-pago-de-seguros-institucionales","status":"publish","type":"post","link":"https:\/\/nvnoticias.mx\/index.php\/2023\/12\/26\/exigen-pago-de-seguros-institucionales\/","title":{"rendered":"Exigen pago de seguros institucionales"},"content":{"rendered":"\n<p><em><strong>Sam Ojeda | NV Noticias <\/strong><\/em><\/p>\n\n\n\n<p>Xalapa.- Este martes familiares y maestros que esperan el pago del seguro institucional desde hace 13 a\u00f1os se manifestaron en la plaza Sebasti\u00e1n Lerdo de Tejada para exigir el pago de esta prestaci\u00f3n.<\/p>\n\n\n\n<p>Al respecto, Mayalina Hern\u00e1ndez L\u00f3pez, coment\u00f3 que su madre falleci\u00f3 en el 2011 esperando el pago del seguro institucional y desde y entonces son muchas vueltas las que ha dado para poder obtenerlo y no ha tenido buena respuesta.<\/p>\n\n\n\n<p>Por ello, dijo que decidieron manifestarse 41 personas que est\u00e1n en la misma situaci\u00f3n, aunque advirti\u00f3 que son miles los que esperan el pago<\/p>\n\n\n\n<p>Record\u00f3 que desde el 2010 el Gobierno de Veracruz no ha pagado los seguros institucionales y advirtieron que est\u00e1n dispuestos a tomar calles hasta que sus demandas sean escuchadas.<\/p>\n\n\n\n<blockquote class=\"wp-block-quote is-layout-flow wp-block-quote-is-layout-flow\"><p>\u201cHablamos que al a\u00f1o mueren much\u00edsimos maestros de diferentes niveles, entonces hay mucha indignaci\u00f3n y molestia. Si a las 12 no viene alguna autoridad a manifestarse vamos a tener que tomar calles porque estamos dispuestos a todos y a irnos a M\u00e9xico la pr\u00f3xima semana para este informarle el Presidente de la Rep\u00fablica la situaci\u00f3n que est\u00e1 pasando aqu\u00ed\u201d.<\/p><\/blockquote>\n\n\n\n<p>Hern\u00e1ndez L\u00f3pez indic\u00f3 que este tipo de injusticias solamente en Veracruz comenten esas injusticias.<\/p>\n\n\n\n<blockquote class=\"wp-block-quote is-layout-flow wp-block-quote-is-layout-flow\"><p>\u201cLe echan la culpa al anterior Gobierno y nos hacen dar muchas vueltas al mes pidiendo a diferentes lugares\u201d.<\/p><\/blockquote>\n\n\n\n<p>Para esta manifestaci\u00f3n viajaron personas de Acayucan, Huayacocotla, Tuxpan, a fin de exigir el pago de esta prestaciones pues afirmaron que se comprometieron a hacerlo en diciembre y no lo han hecho.<\/p>\n\n\n\n<blockquote class=\"wp-block-quote is-layout-flow wp-block-quote-is-layout-flow\"><p>\u201cGastamos much\u00edsimo y nada m\u00e1s nos hacen viajar, algunos tuvieron que pagar hotel. El seguro por fallecimiento y el seguro por invalidez no lo han pagado. Dijeron que iban a pagar a partir de diciembre y realmente nada m\u00e1s es enga\u00f1o, hasta dijeron que por cuatro etapas pero es totalmente falso. Estamos muy molestos e indignados a lograr lo que no ten\u00edamos que estar peleando\u201d.<\/p><\/blockquote>\n","protected":false},"excerpt":{"rendered":"<p>Sam Ojeda | NV Noticias Xalapa.- Este martes familiares y maestros que esperan el pago del seguro institucional desde hace 13 a\u00f1os se manifestaron en la plaza Sebasti\u00e1n Lerdo de Tejada para exigir el pago de esta prestaci\u00f3n. Al respecto, Mayalina Hern\u00e1ndez L\u00f3pez, coment\u00f3 que su madre falleci\u00f3 en el 2011 esperando el pago del [&hellip;]<\/p>\n","protected":false},"author":35,"featured_media":32085,"comment_status":"open","ping_status":"open","sticky":false,"template":"","format":"standard","meta":{"_monsterinsights_skip_tracking":false,"_monsterinsights_sitenote_active":false,"_monsterinsights_sitenote_note":"","_monsterinsights_sitenote_category":0,"footnotes":""},"categories":[156],"tags":[7825,871,8862],"class_list":["post-133726","post","type-post","status-publish","format-standard","has-post-thumbnail","hentry","category-estado","tag-exigen","tag-pagos","tag-seguros","wp-image-borders"],"amp_enabled":true,"_links":{"self":[{"href":"https:\/\/nvnoticias.mx\/index.php\/wp-json\/wp\/v2\/posts\/133726","targetHints":{"allow":["GET"]}}],"collection":[{"href":"https:\/\/nvnoticias.mx\/index.php\/wp-json\/wp\/v2\/posts"}],"about":[{"href":"https:\/\/nvnoticias.mx\/index.php\/wp-json\/wp\/v2\/types\/post"}],"author":[{"embeddable":true,"href":"https:\/\/nvnoticias.mx\/index.php\/wp-json\/wp\/v2\/users\/35"}],"replies":[{"embeddable":true,"href":"https:\/\/nvnoticias.mx\/index.php\/wp-json\/wp\/v2\/comments?post=133726"}],"version-history":[{"count":1,"href":"https:\/\/nvnoticias.mx\/index.php\/wp-json\/wp\/v2\/posts\/133726\/revisions"}],"predecessor-version":[{"id":133727,"href":"https:\/\/nvnoticias.mx\/index.php\/wp-json\/wp\/v2\/posts\/133726\/revisions\/133727"}],"wp:featuredmedia":[{"embeddable":true,"href":"https:\/\/nvnoticias.mx\/index.php\/wp-json\/wp\/v2\/media\/32085"}],"wp:attachment":[{"href":"https:\/\/nvnoticias.mx\/index.php\/wp-json\/wp\/v2\/media?parent=133726"}],"wp:term":[{"taxonomy":"category","embeddable":true,"href":"https:\/\/nvnoticias.mx\/index.php\/wp-json\/wp\/v2\/categories?post=133726"},{"taxonomy":"post_tag","embeddable":true,"href":"https:\/\/nvnoticias.mx\/index.php\/wp-json\/wp\/v2\/tags?post=133726"}],"curies":[{"name":"wp","href":"https:\/\/api.w.org\/{rel}","templated":true}]}}