{"id":133719,"date":"2023-12-26T10:30:31","date_gmt":"2023-12-26T16:30:31","guid":{"rendered":"https:\/\/nvnoticias.mx\/?p=133719"},"modified":"2023-12-26T10:30:33","modified_gmt":"2023-12-26T16:30:33","slug":"confirma-bagdad-un-muerto-y-18-heridos-en-un-ataque-de-eu","status":"publish","type":"post","link":"https:\/\/nvnoticias.mx\/index.php\/2023\/12\/26\/confirma-bagdad-un-muerto-y-18-heridos-en-un-ataque-de-eu\/","title":{"rendered":"Confirma Bagdad un muerto y 18 heridos en un ataque de EU"},"content":{"rendered":"\n<p><strong>Irak<\/strong>&nbsp;confirm\u00f3 este martes la muerte de una persona y heridas a otras 18, entre ellos varios civiles, en los ataques estadounidenses de la pasada madrugada contra grupos proiran\u00edes en el pa\u00eds \u00e1rabe, en represalia por el lanzamiento de drones y misiles contra bases de<strong>&nbsp;Estados Unidos<\/strong>&nbsp;en territorio iraqu\u00ed.<\/p>\n\n\n\n<p>En un comunicado, el gobierno iraqu\u00ed conden\u00f3 los ataques estadounidenses, que consider\u00f3 un &#8220;acto hostil, no constructivo, que no sirve a los intereses comunes&#8221;, mientras consider\u00f3 &#8220;inaceptable&#8221; las &#8220;agresiones contra sedes de las misiones diplom\u00e1ticas extranjeras&#8221; y las &#8220;bases con presencia de asesores militares de pa\u00edses amigos&#8221;.<\/p>\n\n\n\n<blockquote class=\"wp-block-quote is-layout-flow wp-block-quote-is-layout-flow\"><p>&#8220;El gobierno de Irak confirma que (&#8230;) est\u00e1 enfrentando con firmeza los ataques de algunos elementos a las sedes de misiones diplom\u00e1ticas extranjeras o lugares donde est\u00e1n presentes asesores militares de pa\u00edses amigos&#8221;, dijo el comunicado.<\/p><\/blockquote>\n\n\n\n<p>Estos ataques, de los grupos proiran\u00edes, &#8220;han sido diagnosticados previamente como actos hostiles, afectan la soberan\u00eda del Estado iraqu\u00ed y es inaceptable que se cometan bajo cualquier circunstancia o bajo cualquier nombre o justificaci\u00f3n&#8221;, subray\u00f3.<\/p>\n\n\n\n<blockquote class=\"wp-block-quote is-layout-flow wp-block-quote-is-layout-flow\"><p>&#8220;Al mismo tiempo, el gobierno de Irak condena lo ocurrido la madrugada de hoy, en el que instalaciones militares iraqu\u00edes fueron atacadas por la parte estadounidense con el pretexto de respuesta, lo que provoc\u00f3 el martirio de un miembro y heridas a otras 18 personas, incluidos civiles&#8221;, a\u00f1adi\u00f3.<\/p><\/blockquote>\n\n\n\n<p>El<strong>\u00a0Comando Central de EU (CENTCOM)<\/strong>\u00a0dijo hoy que atac\u00f3 &#8220;m\u00faltiples&#8221; instalaciones en Irak usadas por la milicia proiran\u00ed Kataib (Brigadas) de\u00a0<strong>Hezbol\u00e1\u00a0<\/strong>y otros grupos &#8220;terroristas&#8221; afiliados en represalia por el ataque con un dron contra bases de la coalici\u00f3n en Irak y Siria.<\/p>\n\n\n\n<p>Fuente: <a href=\"https:\/\/www.eluniversal.com.mx\/mundo\/bagdad-confirma-un-muerto-y-18-heridos-en-un-ataque-de-eu-que-considera-acto-hostil\/\" data-type=\"URL\" data-id=\"https:\/\/www.eluniversal.com.mx\/mundo\/bagdad-confirma-un-muerto-y-18-heridos-en-un-ataque-de-eu-que-considera-acto-hostil\/\">El Universal<\/a> <\/p>\n","protected":false},"excerpt":{"rendered":"<p>Irak&nbsp;confirm\u00f3 este martes la muerte de una persona y heridas a otras 18, entre ellos varios civiles, en los ataques estadounidenses de la pasada madrugada contra grupos proiran\u00edes en el pa\u00eds \u00e1rabe, en represalia por el lanzamiento de drones y misiles contra bases de&nbsp;Estados Unidos&nbsp;en territorio iraqu\u00ed. En un comunicado, el gobierno iraqu\u00ed conden\u00f3 los [&hellip;]<\/p>\n","protected":false},"author":35,"featured_media":133723,"comment_status":"open","ping_status":"open","sticky":false,"template":"","format":"standard","meta":{"_monsterinsights_skip_tracking":false,"_monsterinsights_sitenote_active":false,"_monsterinsights_sitenote_note":"","_monsterinsights_sitenote_category":0,"footnotes":""},"categories":[181],"tags":[28804,183,3396,1117],"class_list":["post-133719","post","type-post","status-publish","format-standard","has-post-thumbnail","hentry","category-internacional","tag-bagdad","tag-estados-unidos","tag-heridos","tag-muerto","wp-image-borders"],"amp_enabled":true,"_links":{"self":[{"href":"https:\/\/nvnoticias.mx\/index.php\/wp-json\/wp\/v2\/posts\/133719","targetHints":{"allow":["GET"]}}],"collection":[{"href":"https:\/\/nvnoticias.mx\/index.php\/wp-json\/wp\/v2\/posts"}],"about":[{"href":"https:\/\/nvnoticias.mx\/index.php\/wp-json\/wp\/v2\/types\/post"}],"author":[{"embeddable":true,"href":"https:\/\/nvnoticias.mx\/index.php\/wp-json\/wp\/v2\/users\/35"}],"replies":[{"embeddable":true,"href":"https:\/\/nvnoticias.mx\/index.php\/wp-json\/wp\/v2\/comments?post=133719"}],"version-history":[{"count":3,"href":"https:\/\/nvnoticias.mx\/index.php\/wp-json\/wp\/v2\/posts\/133719\/revisions"}],"predecessor-version":[{"id":133722,"href":"https:\/\/nvnoticias.mx\/index.php\/wp-json\/wp\/v2\/posts\/133719\/revisions\/133722"}],"wp:featuredmedia":[{"embeddable":true,"href":"https:\/\/nvnoticias.mx\/index.php\/wp-json\/wp\/v2\/media\/133723"}],"wp:attachment":[{"href":"https:\/\/nvnoticias.mx\/index.php\/wp-json\/wp\/v2\/media?parent=133719"}],"wp:term":[{"taxonomy":"category","embeddable":true,"href":"https:\/\/nvnoticias.mx\/index.php\/wp-json\/wp\/v2\/categories?post=133719"},{"taxonomy":"post_tag","embeddable":true,"href":"https:\/\/nvnoticias.mx\/index.php\/wp-json\/wp\/v2\/tags?post=133719"}],"curies":[{"name":"wp","href":"https:\/\/api.w.org\/{rel}","templated":true}]}}