{"id":133715,"date":"2023-12-26T10:24:19","date_gmt":"2023-12-26T16:24:19","guid":{"rendered":"https:\/\/nvnoticias.mx\/?p=133715"},"modified":"2023-12-26T10:24:21","modified_gmt":"2023-12-26T16:24:21","slug":"fallece-armando-guadiana-un-senador-y-empresario","status":"publish","type":"post","link":"https:\/\/nvnoticias.mx\/index.php\/2023\/12\/26\/fallece-armando-guadiana-un-senador-y-empresario\/","title":{"rendered":"Fallece Armando Guadiana un senador y empresario"},"content":{"rendered":"\n<p>El senador de Morena&nbsp;Armando Guadiana Tijerina&nbsp;muri\u00f3 durante la madrugada&nbsp;en un hospital de Nuevo Le\u00f3n, tras padecer&nbsp;<strong>c\u00e1ncer de pr\u00f3stata<\/strong>.&nbsp;El tambi\u00e9n empresario falleci\u00f3 a los 77 a\u00f1os.<\/p>\n\n\n\n<p>A trav\u00e9s de un comunicado se inform\u00f3 que el empresario coahuilense&nbsp;<strong>hab\u00eda estado bajo tratamiento<\/strong>&nbsp;en la Ciudad de Houston, Texas y posteriormente en M\u00e9xico.<\/p>\n\n\n\n<blockquote class=\"wp-block-quote is-layout-flow wp-block-quote-is-layout-flow\"><p>\u201cCon profundo pesar y un gran dolor, lamento informar que Armando Guadiana, senador de la Rep\u00fablica y empresario coahuilense, falleci\u00f3 la madrugada de hoy (martes) mientras se encontraba internado en una cl\u00ednica privada de mencionada ciudad\u201d.<\/p><\/blockquote>\n\n\n\n<p>La familia del empresario y pol\u00edtico informaran en las pr\u00f3ximas horas sobre los servicios funerarios que se realizar\u00e1 en la Ciudad de Saltillo, Coahuila en memoria de Guadiana.<\/p>\n\n\n\n<p>Con \u00e9l son cinco senadores que fallecen durante la legislatura. La primera fue el 22 de diciembre de 2018,&nbsp;Ang\u00e9lica Garc\u00eda Arrieta, fundadora de Morena en Hidalgo, los 60 a\u00f1os, a consecuencia de una enfermedad cr\u00f3nica.<\/p>\n\n\n\n<p>El 24 de octubre de 2020 muri\u00f3 por covid-19 el senador por Morena&nbsp;Joel Molina Ram\u00edrez&nbsp;en un hospital del ISSSTE en Tlaxcala.<\/p>\n\n\n\n<p>El 21 de febrero de 2021, falleci\u00f3 tambi\u00e9n por coronavirus,&nbsp;Radam\u00e9s Salazar Solorio, senador de Morena por Morelos.<\/p>\n\n\n\n<p>El 8 de octubre de 2022 falleci\u00f3\u00a0Faustino L\u00f3pez,\u00a0senador de Morelos,\u00a0tras un accidente automovil\u00edstico mientras se trasladaba al informe de actividades de una de sus compa\u00f1eras.<\/p>\n\n\n\n<p>Fuente: <a href=\"https:\/\/www.milenio.com\/politica\/muere-armando-guadiana-senador-y-empresario\" data-type=\"URL\" data-id=\"https:\/\/www.milenio.com\/politica\/muere-armando-guadiana-senador-y-empresario\">Milenio<\/a> <\/p>\n","protected":false},"excerpt":{"rendered":"<p>El senador de Morena&nbsp;Armando Guadiana Tijerina&nbsp;muri\u00f3 durante la madrugada&nbsp;en un hospital de Nuevo Le\u00f3n, tras padecer&nbsp;c\u00e1ncer de pr\u00f3stata.&nbsp;El tambi\u00e9n empresario falleci\u00f3 a los 77 a\u00f1os. A trav\u00e9s de un comunicado se inform\u00f3 que el empresario coahuilense&nbsp;hab\u00eda estado bajo tratamiento&nbsp;en la Ciudad de Houston, Texas y posteriormente en M\u00e9xico. \u201cCon profundo pesar y un gran dolor, [&hellip;]<\/p>\n","protected":false},"author":35,"featured_media":50727,"comment_status":"open","ping_status":"open","sticky":false,"template":"","format":"standard","meta":{"_monsterinsights_skip_tracking":false,"_monsterinsights_sitenote_active":false,"_monsterinsights_sitenote_note":"","_monsterinsights_sitenote_category":0,"footnotes":""},"categories":[158],"tags":[21793,2382,162,1606],"class_list":["post-133715","post","type-post","status-publish","format-standard","has-post-thumbnail","hentry","category-politica","tag-armando-guadiana","tag-empresario","tag-portada","tag-senador","wp-image-borders"],"amp_enabled":true,"_links":{"self":[{"href":"https:\/\/nvnoticias.mx\/index.php\/wp-json\/wp\/v2\/posts\/133715","targetHints":{"allow":["GET"]}}],"collection":[{"href":"https:\/\/nvnoticias.mx\/index.php\/wp-json\/wp\/v2\/posts"}],"about":[{"href":"https:\/\/nvnoticias.mx\/index.php\/wp-json\/wp\/v2\/types\/post"}],"author":[{"embeddable":true,"href":"https:\/\/nvnoticias.mx\/index.php\/wp-json\/wp\/v2\/users\/35"}],"replies":[{"embeddable":true,"href":"https:\/\/nvnoticias.mx\/index.php\/wp-json\/wp\/v2\/comments?post=133715"}],"version-history":[{"count":3,"href":"https:\/\/nvnoticias.mx\/index.php\/wp-json\/wp\/v2\/posts\/133715\/revisions"}],"predecessor-version":[{"id":133718,"href":"https:\/\/nvnoticias.mx\/index.php\/wp-json\/wp\/v2\/posts\/133715\/revisions\/133718"}],"wp:featuredmedia":[{"embeddable":true,"href":"https:\/\/nvnoticias.mx\/index.php\/wp-json\/wp\/v2\/media\/50727"}],"wp:attachment":[{"href":"https:\/\/nvnoticias.mx\/index.php\/wp-json\/wp\/v2\/media?parent=133715"}],"wp:term":[{"taxonomy":"category","embeddable":true,"href":"https:\/\/nvnoticias.mx\/index.php\/wp-json\/wp\/v2\/categories?post=133715"},{"taxonomy":"post_tag","embeddable":true,"href":"https:\/\/nvnoticias.mx\/index.php\/wp-json\/wp\/v2\/tags?post=133715"}],"curies":[{"name":"wp","href":"https:\/\/api.w.org\/{rel}","templated":true}]}}