{"id":133711,"date":"2023-12-26T10:19:15","date_gmt":"2023-12-26T16:19:15","guid":{"rendered":"https:\/\/nvnoticias.mx\/?p=133711"},"modified":"2023-12-26T10:19:18","modified_gmt":"2023-12-26T16:19:18","slug":"enviaran-cinco-microrobots-mexicanos-a-la-luna-en-2024","status":"publish","type":"post","link":"https:\/\/nvnoticias.mx\/index.php\/2023\/12\/26\/enviaran-cinco-microrobots-mexicanos-a-la-luna-en-2024\/","title":{"rendered":"Enviar\u00e1n cinco microrobots mexicanos a la Luna en 2024"},"content":{"rendered":"\n<p>Cinco&nbsp;<strong>microrobots&nbsp;<\/strong>que pesan menos de 60 gramos y miden 12 cent\u00edmetros de di\u00e1metro cada uno, desarrollados por un equipo a cargo del doctor&nbsp;<strong>Gustavo Medina Tanco<\/strong>&nbsp;en la UNAM, ser\u00e1n enviados a la Luna.<\/p>\n\n\n\n<p>El lanzamiento forma parte del&nbsp;<strong>proyecto Colmena<\/strong>, la&nbsp;<strong>primera misi\u00f3n mexicana rumbo al sat\u00e9lite terrestre<\/strong>. El despegue ser\u00e1 desde Cabo Ca\u00f1averal, inform\u00f3 la Secretar\u00eda de Infraestructura, Comunicaciones y Transportes (SICT), a trav\u00e9s de la Agencia Espacial Mexicana (AEM).<\/p>\n\n\n\n<p>El proyecto,&nbsp;<strong>primero de su tipo en Am\u00e9rica Latina<\/strong>, ha sido desarrollado en el Laboratorio de Instrumentaci\u00f3n Espacial del Instituto de Ciencias Nucleares (LINX-ICN) de la UNAM, con apoyo de la AEM, el Consejo Nacional de Humanidades, Ciencia y Tecnolog\u00eda (Conahcyt) y el Gobierno de Hidalgo.<\/p>\n\n\n\n<p>Hasta el momento, una fecha tentativa para el lanzamiento es el&nbsp;<strong>8 de enero de 2024<\/strong>. La misi\u00f3n se llama \u201cPeregrine 1\u201d y el cohete, ULA Vulcan-Centaur. Los microrobots tienen como objetivo, m\u00e1s all\u00e1 de ciertas maniobras, ensamblar un&nbsp;<strong>panel generador de energ\u00eda<\/strong>.<\/p>\n\n\n\n<p>Al respecto, Medina Tanco se\u00f1al\u00f3 que \u201cdesarrollar tecnolog\u00eda propia es una necesidad para M\u00e9xico; si queremos bienestar social, si queremos un futuro m\u00e1s productivo y mejor, necesitamos ser ya no s\u00f3lo consumidores, y transformar a este pa\u00eds en un actor con soberan\u00eda tecnol\u00f3gica&#8221;.<\/p>\n\n\n\n<p>La adhesi\u00f3n de M\u00e9xico a los acuerdos Artemis de la\u00a0<strong>NASA<\/strong>, representa la integraci\u00f3n del pa\u00eds en proyectos de talla internacional para\u00a0<strong>explorar la Luna y Marte<\/strong>.<\/p>\n\n\n\n<p>Fuente: <a href=\"https:\/\/www.eluniversal.com.mx\/ciencia-y-salud\/enviaran-cinco-microrobots-mexicanos-a-la-luna\/\" data-type=\"URL\" data-id=\"https:\/\/www.eluniversal.com.mx\/ciencia-y-salud\/enviaran-cinco-microrobots-mexicanos-a-la-luna\/\">El Universal<\/a> <\/p>\n","protected":false},"excerpt":{"rendered":"<p>Cinco&nbsp;microrobots&nbsp;que pesan menos de 60 gramos y miden 12 cent\u00edmetros de di\u00e1metro cada uno, desarrollados por un equipo a cargo del doctor&nbsp;Gustavo Medina Tanco&nbsp;en la UNAM, ser\u00e1n enviados a la Luna. El lanzamiento forma parte del&nbsp;proyecto Colmena, la&nbsp;primera misi\u00f3n mexicana rumbo al sat\u00e9lite terrestre. El despegue ser\u00e1 desde Cabo Ca\u00f1averal, inform\u00f3 la Secretar\u00eda de Infraestructura, [&hellip;]<\/p>\n","protected":false},"author":35,"featured_media":45256,"comment_status":"open","ping_status":"open","sticky":false,"template":"","format":"standard","meta":{"_monsterinsights_skip_tracking":false,"_monsterinsights_sitenote_active":false,"_monsterinsights_sitenote_note":"","_monsterinsights_sitenote_category":0,"footnotes":""},"categories":[157],"tags":[28802,1951,257,28803],"class_list":["post-133711","post","type-post","status-publish","format-standard","has-post-thumbnail","hentry","category-nacional","tag-enviaran","tag-luna","tag-mexicanos","tag-microbots","wp-image-borders"],"amp_enabled":true,"_links":{"self":[{"href":"https:\/\/nvnoticias.mx\/index.php\/wp-json\/wp\/v2\/posts\/133711","targetHints":{"allow":["GET"]}}],"collection":[{"href":"https:\/\/nvnoticias.mx\/index.php\/wp-json\/wp\/v2\/posts"}],"about":[{"href":"https:\/\/nvnoticias.mx\/index.php\/wp-json\/wp\/v2\/types\/post"}],"author":[{"embeddable":true,"href":"https:\/\/nvnoticias.mx\/index.php\/wp-json\/wp\/v2\/users\/35"}],"replies":[{"embeddable":true,"href":"https:\/\/nvnoticias.mx\/index.php\/wp-json\/wp\/v2\/comments?post=133711"}],"version-history":[{"count":3,"href":"https:\/\/nvnoticias.mx\/index.php\/wp-json\/wp\/v2\/posts\/133711\/revisions"}],"predecessor-version":[{"id":133714,"href":"https:\/\/nvnoticias.mx\/index.php\/wp-json\/wp\/v2\/posts\/133711\/revisions\/133714"}],"wp:featuredmedia":[{"embeddable":true,"href":"https:\/\/nvnoticias.mx\/index.php\/wp-json\/wp\/v2\/media\/45256"}],"wp:attachment":[{"href":"https:\/\/nvnoticias.mx\/index.php\/wp-json\/wp\/v2\/media?parent=133711"}],"wp:term":[{"taxonomy":"category","embeddable":true,"href":"https:\/\/nvnoticias.mx\/index.php\/wp-json\/wp\/v2\/categories?post=133711"},{"taxonomy":"post_tag","embeddable":true,"href":"https:\/\/nvnoticias.mx\/index.php\/wp-json\/wp\/v2\/tags?post=133711"}],"curies":[{"name":"wp","href":"https:\/\/api.w.org\/{rel}","templated":true}]}}