{"id":13369,"date":"2021-05-14T16:13:18","date_gmt":"2021-05-14T21:13:18","guid":{"rendered":"https:\/\/nvnoticias.mx\/?p=13369"},"modified":"2021-05-14T16:13:19","modified_gmt":"2021-05-14T21:13:19","slug":"imss-rinde-homenaje-a-enfermeras-y-enfermeros-por-su-valor-y-disciplina-frente-a-la-pandemia-de-covid-19","status":"publish","type":"post","link":"https:\/\/nvnoticias.mx\/index.php\/2021\/05\/14\/imss-rinde-homenaje-a-enfermeras-y-enfermeros-por-su-valor-y-disciplina-frente-a-la-pandemia-de-covid-19\/","title":{"rendered":"IMSS rinde homenaje a enfermeras y enfermeros por su valor y disciplina frente a la pandemia de COVID-19"},"content":{"rendered":"\n<p>El Instituto Mexicano del Seguro Social (IMSS) reconoci\u00f3 el valor y la disciplina del personal de enfermer\u00eda que hace frente a la emergencia sanitaria, y como homenaje se devel\u00f3 la placa de la Plaza del Personal de Enfermer\u00eda Ilustre del IMSS y el Busto Personal de Enfermer\u00eda COVID-19, en la explanada del Hospital de Especialidades del Centro M\u00e9dico Nacional Siglo XXI.<\/p>\n\n\n\n<p>En el marco de la Ceremonia Institucional del D\u00eda de la Enfermer\u00eda, el director general del Seguro Social, Maestro Zo\u00e9 Robledo, asegur\u00f3 que en el peor momento de la salud M\u00e9xico tuvo &#8220;un ej\u00e9rcito blanco que ante un extra\u00f1o enemigo, en cada enfermera y en cada enfermero\u2026 dio todo por todos los dem\u00e1s\u201d, y para superar la pandemia \u201cfalta mucho todav\u00eda por recorrer, pero falta menos\u201d.<\/p>\n\n\n\n<p>Subray\u00f3 que gracias a las enfermeras y enfermeros del IMSS fue posible lograr la mayor reconversi\u00f3n hospitalaria en Latinoam\u00e9rica para la atenci\u00f3n de pacientes con COVID-19, reconocida por la Organizaci\u00f3n Mundial de la Salud (OMS).<\/p>\n\n\n\n<p>La directora de Prestaciones M\u00e9dicas, doctora C\u00e9lida Duque Molina, reconoci\u00f3 la entrega de 144 mil 285 enfermeras y enfermeros en el R\u00e9gimen Ordinario y del Programa IMSS-BIENESTAR \u201cpor la extraordinaria labor que realizan todos los d\u00edas\u201d para atender a los derechohabientes y bienestarbientes en el pa\u00eds, y por su participaci\u00f3n en la atenci\u00f3n de la pandemia.<\/p>\n\n\n\n<p>El secretario general del Sindicato Nacional de Trabajadores del Seguro Social (SNTSS), Arturo Olivares Cerda, reconoci\u00f3 el trabajo que el cuerpo de enfermer\u00eda del IMSS lleva a cabo en contra de la pandemia, \u201cson mujeres y hombres que se han entregado en cuerpo y alma a la salvaci\u00f3n de vidas humanas, han sido fieles acompa\u00f1antes de los hospitalizados por COVID-19, que son separados de su familia\u201d.<\/p>\n\n\n\n<p>La encargada de la Divisi\u00f3n de Programas de Enfermer\u00eda, Fabiana Maribel Zepeda Arias, se\u00f1al\u00f3 que la emergencia sanitaria ha dejado experiencias dolorosas como la p\u00e9rdida de compa\u00f1eras y compa\u00f1eros. Dijo que la enfermer\u00eda no naci\u00f3 con la pandemia, ya era una disciplina fuerte que ha forjado su crecimiento con trabajo y dedicaci\u00f3n, como en la campa\u00f1a de vacunaci\u00f3n contra COVID-19, y actualmente en la recuperaci\u00f3n de servicios m\u00e9dicos.<\/p>\n\n\n\n<p>La titular del Departamento de Enfermer\u00eda del Programa IMSS-BIENESTAR, Olivia L\u00f3pez Silva, resalt\u00f3 el trabajo de enfermeras y enfermeros que en la Pandemia por COVID 19 han atendido sin descanso a la poblaci\u00f3n campesina e ind\u00edgena de las comunidades m\u00e1s lejanas&nbsp; del pa\u00eds. Refrend\u00f3 que personal de salud de IMSS-BIENESTAR es \u201cincondicional\u201d para enfrentar los retos del Seguro Social, como fue el llamado para participar en la <em>Operaci\u00f3n Chapultepec<\/em> a finales de 2020 e inicios de 2021 en la etapa m\u00e1s cr\u00edtica de la emergencia sanitaria en algunas regiones del pa\u00eds.<\/p>\n\n\n\n<p>El director de Afore XXI Banorte, David Raz\u00fa Aznar, reconoci\u00f3 que durante la pandemia por COVID-19 el personal de enfermer\u00eda brind\u00f3 atenci\u00f3n con entrega, compromiso, valor y empat\u00eda, hecho que sin duda \u201cme llena de orgullo como ser humano, como mexicano y como integrante que soy de \u00e9sta, nuestra familia IMSS\u201d. Agreg\u00f3 que M\u00e9xico cuenta con el personal de enfermer\u00eda del Seguro Social para derrotar a este virus.<\/p>\n\n\n\n<p>El Presidente de la Fundaci\u00f3n IMSS, doctor Romeo Sergio Rodr\u00edguez Su\u00e1rez, defini\u00f3 a este gremio como \u201cguerreros de la salud\u201d que ha estado en la primera l\u00ednea de batalla frente al COVID-19, y \u201chan trabajado jornadas que en otros tiempos parecer\u00edan impensables, con informaci\u00f3n cambiante a cada momento, con cifras que aumentan exponencialmente en cuesti\u00f3n de horas y dejando de lado su vida personal y el descanso para cumplir con una premisa b\u00e1sica de su profesi\u00f3n: ayudar al pr\u00f3jimo\u201d.<\/p>\n\n\n\n<p>Como parte de la ceremonia institucional por el D\u00eda de la Enfermer\u00eda, se entreg\u00f3 el Premio \u201cJes\u00fas Kumate Rodr\u00edguez\u201d a L\u00edderes de Equipos COVID: Ana Karina Gonz\u00e1lez Ruiz, subjefe de enfermer\u00eda del Hospital General Regional (HGR) No. 110 de Jalisco, debido a su destacado profesionalismo, compromiso y liderazgo durante la pandemia.<\/p>\n\n\n\n<p><strong>Adem\u00e1s, se otorgaron los \u201cPremios al M\u00e9rito de Enfermer\u00eda Afore XXI Banorte &#8211; Fundaci\u00f3n IMSS\u201d a:<\/strong><\/p>\n\n\n\n<ul class=\"wp-block-list\"><li>Vianey Leticia V\u00e1zquez Rosas, auxiliar de enfermera general de la Unidad M\u00e9dica de Alta Especialidad (UMAE) Hospital de Especialidades Puebla, en la categor\u00eda Auxiliar de Enfermer\u00eda y Auxiliar de Enfermer\u00eda en Salud P\u00fablica.<\/li><\/ul>\n\n\n\n<ul class=\"wp-block-list\"><li>\u00d3scar Jes\u00fas Hern\u00e1ndez Gonz\u00e1lez, auxiliar de enfermera general de la Unidad de Medicina Familiar (UMF) No. 84 Estado de M\u00e9xico Oriente, en la categor\u00eda Personal eventual de todas las categor\u00edas de Enfermer\u00eda.<\/li><\/ul>\n\n\n\n<ul class=\"wp-block-list\"><li>Georgina Ortega Cervantes, enfermera general de la UMF No. 16 Quintana Roo, en la categor\u00eda Enfermera General.<\/li><\/ul>\n\n\n\n<ul class=\"wp-block-list\"><li>V\u00edctor Javier S\u00e1nchez Huerta, enfermero especialista de la UMAE Hospital de Especialidades Jalisco, en la categor\u00eda Enfermero Especialista.<\/li><\/ul>\n\n\n\n<ul class=\"wp-block-list\"><li>Carmen Nabora Romero Alvarado, enfermera jefe de piso de la UMAE Hospital de Especialidades Puebla, en la categor\u00eda Enfermera Jefe de Piso.<\/li><\/ul>\n\n\n\n<ul class=\"wp-block-list\"><li>Christian Javier Garza Ram\u00edrez, subjefe de enfermer\u00eda del Centro Anexo Temporal del Hospital de Zona No. 67 Nuevo Le\u00f3n, en la categor\u00eda Personal de Enfermer\u00eda de Confianza en Unidades M\u00e9dicas, Administrativas y de Escuelas de Enfermer\u00eda.<\/li><\/ul>\n\n\n\n<ul class=\"wp-block-list\"><li>Mar\u00eda Eugenia Oropeza Chavarr\u00eda, enfermera general del Hospital Rural San Jos\u00e9 del Rinc\u00f3n, Estado de M\u00e9xico Poniente, en la categor\u00eda Personal de Enfermer\u00eda de IMSS-BIENESTAR en Hospitales Rurales.<\/li><\/ul>\n\n\n\n<ul class=\"wp-block-list\"><li>Cecilia Gallegos Pimentel, auxiliar de \u00e1rea m\u00e9dica de la Unidad M\u00e9dica Rural Zin\u00e1paro, Michoac\u00e1n, en la categor\u00eda Personal de Enfermer\u00eda de IMSS-BIENESTAR en Unidades M\u00e9dicas Rurales.<\/li><\/ul>\n\n\n\n<p>Se hizo entrega simb\u00f3lica de los reconocimientos al &#8220;Programa de Reconocimiento a la Atenci\u00f3n de Calidad del Personal de Enfermer\u00eda de base y confianza&#8221; a:<\/p>\n\n\n\n<ul class=\"wp-block-list\"><li>Ricarda Alvarado P\u00e9rez, del Hospital General de Zona con Medicina Familiar (HGZ\/MF) No. 1, Hidalgo.<\/li><\/ul>\n\n\n\n<ul class=\"wp-block-list\"><li>Jes\u00fas Manuel Morales Torres, de la UMAE Hospital de Especialidades No. 2, Ciudad Obreg\u00f3n, Sonora.<\/li><\/ul>\n\n\n\n<ul class=\"wp-block-list\"><li>\u00c1ngela Guadalupe Gonz\u00e1lez S\u00e1nchez, de la UMAE Hospital de Especialidades &#8220;Dr. Bernardo Sep\u00falveda Guti\u00e9rrez&#8221; del Centro M\u00e9dico Nacional Siglo XXI.<\/li><\/ul>\n\n\n\n<ul class=\"wp-block-list\"><li>Lourdes Huitzil Huitzil, del Hospital Rural La Ceiba, Puebla.<\/li><\/ul>\n\n\n\n<ul class=\"wp-block-list\"><li>Claudia Gabriela Narv\u00e1ez Gonz\u00e1lez,&nbsp; de la Regi\u00f3n Uno del Altiplano, San Luis Potos\u00ed.<\/li><\/ul>\n\n\n\n<ul class=\"wp-block-list\"><li>Aud\u00edas Ambriz Barajas; de la Unidad M\u00e9dica Rural Nueva Villa de Padilla, Tamaulipas.<\/li><\/ul>\n\n\n\n<ul class=\"wp-block-list\"><li>Justina Arteaga P\u00e9rez, del Hospital Rural Chicontepec, Veracruz Norte.<\/li><\/ul>\n\n\n\n<p><strong><em>La Sonora Santanera de Carlos Colorado rinde homenaje de manera gratuita a personal de Enfermer\u00eda<\/em><\/strong><\/p>\n\n\n\n<p>En la Ceremonia Institucional del D\u00eda de Enfermer\u00eda, la agrupaci\u00f3n musical La Sonora Santanera de Carlos Colorado interpret\u00f3 como reconocimiento tres melod\u00edas, destacando la canci\u00f3n &#8220;Guerreros Invencibles&#8221;, del autor Jos\u00e9 Aurelio Vela Portillo.<\/p>\n\n\n\n<p>Al respecto, Zo\u00e9 Robledo, director general del Seguro Social, agradeci\u00f3 al conjunto musical por este gesto para el gremio e hizo entrega de un reconocimiento por &#8220;este momento que nos regalan&#8221;.<\/p>\n\n\n\n<p>La agrupaci\u00f3n tambi\u00e9n interpret\u00f3 los temas &#8220;La Boa&#8221; y &#8220;Perfume de Gardenias&#8221;.<\/p>\n\n\n\n<p>Estuvieron presentes en este homenaje el secretario general del IMSS, Marcos Bucio M\u00fajica; las directoras normativas de Planeaci\u00f3n Estrat\u00e9gica e Institucional, Asa Cristina Laurell; de Prestaciones M\u00e9dicas, C\u00e9lida Duque Molina; el representante del Sector Obrero del Consejo T\u00e9cnico del IMSS, Jos\u00e9 Luis Carazo Preciado.<\/p>\n\n\n\n<p>Adem\u00e1s, la titular del Programa IMSS-BIENESTAR, Gisela Lara Salda\u00f1a; titulares de los \u00d3rganos de Operaci\u00f3n Administrativa Desconcentrada (OOAD), directores de Unidades M\u00e9dicas de Alta Especialidad, integrantes del Sindicato Nacional de Trabajadores del Seguro Social (SNTSS), personal del Voluntariado del Seguro Social, y enfermeras y enfermeros del Instituto.<\/p>\n\n\n\n<figure class=\"wp-block-image size-large\"><img loading=\"lazy\" decoding=\"async\" width=\"1024\" height=\"684\" src=\"https:\/\/nvnoticias.mx\/wp-content\/uploads\/2021\/05\/WhatsApp-Image-2021-05-14-at-15.05.01-2-1.jpeg\" alt=\"\" class=\"wp-image-13371\" srcset=\"https:\/\/nvnoticias.mx\/wp-content\/uploads\/2021\/05\/WhatsApp-Image-2021-05-14-at-15.05.01-2-1.jpeg 1024w, https:\/\/nvnoticias.mx\/wp-content\/uploads\/2021\/05\/WhatsApp-Image-2021-05-14-at-15.05.01-2-1-300x200.jpeg 300w, https:\/\/nvnoticias.mx\/wp-content\/uploads\/2021\/05\/WhatsApp-Image-2021-05-14-at-15.05.01-2-1-768x513.jpeg 768w\" sizes=\"auto, (max-width: 1024px) 100vw, 1024px\" \/><\/figure>\n","protected":false},"excerpt":{"rendered":"<p>El Instituto Mexicano del Seguro Social (IMSS) reconoci\u00f3 el valor y la disciplina del personal de enfermer\u00eda que hace frente a la emergencia sanitaria, y como homenaje se devel\u00f3 la placa de la Plaza del Personal de Enfermer\u00eda Ilustre del IMSS y el Busto Personal de Enfermer\u00eda COVID-19, en la explanada del Hospital de Especialidades [&hellip;]<\/p>\n","protected":false},"author":6,"featured_media":13373,"comment_status":"open","ping_status":"open","sticky":false,"template":"","format":"standard","meta":{"_monsterinsights_skip_tracking":false,"_monsterinsights_sitenote_active":false,"_monsterinsights_sitenote_note":"","_monsterinsights_sitenote_category":0,"footnotes":""},"categories":[157],"tags":[175,903,3705,3704,365],"class_list":["post-13369","post","type-post","status-publish","format-standard","has-post-thumbnail","hentry","category-nacional","tag-covid-19","tag-enfermeras","tag-enfermeros","tag-homenaje","tag-imss","wp-image-borders"],"amp_enabled":true,"_links":{"self":[{"href":"https:\/\/nvnoticias.mx\/index.php\/wp-json\/wp\/v2\/posts\/13369","targetHints":{"allow":["GET"]}}],"collection":[{"href":"https:\/\/nvnoticias.mx\/index.php\/wp-json\/wp\/v2\/posts"}],"about":[{"href":"https:\/\/nvnoticias.mx\/index.php\/wp-json\/wp\/v2\/types\/post"}],"author":[{"embeddable":true,"href":"https:\/\/nvnoticias.mx\/index.php\/wp-json\/wp\/v2\/users\/6"}],"replies":[{"embeddable":true,"href":"https:\/\/nvnoticias.mx\/index.php\/wp-json\/wp\/v2\/comments?post=13369"}],"version-history":[{"count":1,"href":"https:\/\/nvnoticias.mx\/index.php\/wp-json\/wp\/v2\/posts\/13369\/revisions"}],"predecessor-version":[{"id":13374,"href":"https:\/\/nvnoticias.mx\/index.php\/wp-json\/wp\/v2\/posts\/13369\/revisions\/13374"}],"wp:featuredmedia":[{"embeddable":true,"href":"https:\/\/nvnoticias.mx\/index.php\/wp-json\/wp\/v2\/media\/13373"}],"wp:attachment":[{"href":"https:\/\/nvnoticias.mx\/index.php\/wp-json\/wp\/v2\/media?parent=13369"}],"wp:term":[{"taxonomy":"category","embeddable":true,"href":"https:\/\/nvnoticias.mx\/index.php\/wp-json\/wp\/v2\/categories?post=13369"},{"taxonomy":"post_tag","embeddable":true,"href":"https:\/\/nvnoticias.mx\/index.php\/wp-json\/wp\/v2\/tags?post=13369"}],"curies":[{"name":"wp","href":"https:\/\/api.w.org\/{rel}","templated":true}]}}