{"id":133670,"date":"2023-12-24T11:47:00","date_gmt":"2023-12-24T17:47:00","guid":{"rendered":"https:\/\/nvnoticias.mx\/?p=133670"},"modified":"2023-12-25T05:49:55","modified_gmt":"2023-12-25T11:49:55","slug":"presentan-en-coesconpaz-sentencias-imputaciones-y-vinculaciones-a-proceso-realizadas-por-fiscalias-regionales-especializadas-y-uecs","status":"publish","type":"post","link":"https:\/\/nvnoticias.mx\/index.php\/2023\/12\/24\/presentan-en-coesconpaz-sentencias-imputaciones-y-vinculaciones-a-proceso-realizadas-por-fiscalias-regionales-especializadas-y-uecs\/","title":{"rendered":"Presentan en COESCONPAZ sentencias, imputaciones y vinculaciones a proceso realizadas por Fiscal\u00edas Regionales, Especializadas y UECS"},"content":{"rendered":"\n<p>La Fiscal General del Estado, Ver\u00f3nica Hern\u00e1ndez Giad\u00e1ns, particip\u00f3 de manera virtual en la Mesa de Coordinaci\u00f3n para la Construcci\u00f3n de la Paz encabezada por el Gobernador Cuitl\u00e1huac Garc\u00eda Jim\u00e9nez, donde inform\u00f3 que la Fiscal\u00eda Regional Tuxpan logr\u00f3 sentencia condenatoria de 70 a\u00f1os de prisi\u00f3n en contra de Mario \u201cN\u201d como responsable del delito de homicidio doloso calificado en agravio de una v\u00edctima de identidad resguardada, dentro del juicio oral 8\/2023.Obtuvo vinculaci\u00f3n a proceso: en Poza Rica, contra Alejandro \u201cN\u201d como presunto responsable de los delitos contra la salud, contra las instituciones de seguridad p\u00fablica y contra la seguridad del tr\u00e1nsito de veh\u00edculos y contra Francisco \u201cN\u201d como presunto responsable de los delitos contra las instituciones de seguridad p\u00fablica y contra la salud, hechos ocurridos en mayo del a\u00f1o en curso en la colonia Cazones, de este municipio, dentro del proceso penal 242\/2023; realiz\u00f3 imputaci\u00f3n en \u00c1lamo, contra \u00d3scar Iv\u00e1n \u201cN\u201d como presunto responsable del delito contra la salud, dentro del proceso penal 275\/2023.<\/p>\n\n\n\n<p>La Fiscal\u00eda Especializada en Delitos de Violencia Contra la Familia, Mujeres, Ni\u00f1as y Ni\u00f1os y de Trata de Personas logr\u00f3 sentencia condenatoria en Cardel, de 7 a\u00f1os de prisi\u00f3n, en contra de Gabriel \u201cN\u201d como responsable del delito de pederastia en agravio de un ni\u00f1o de identidad resguardada, hechos ocurridos entre los d\u00edas 15 y 24 de mayo y principios del mes de julio del 2022, al interior de un domicilio ubicado en la colonia centro de esta ciudad, cuando agredi\u00f3 de manera sexual a la v\u00edctima, dentro del juicio oral 53\/2022.<\/p>\n\n\n\n<p>La Fiscal\u00eda Regional Xalapa logr\u00f3 sentencia condenatoria en Misantla, de ocho meses y 15 d\u00edas en contra de Omar Julio \u201cN\u201d como responsable del delito de amenazas, dentro del proceso penal 79\/2023; fallo condenatorio en Misantla, en contra de Guillermo \u201cN\u201d como responsable del delito de robo agravado, dentro del juicio oral 57\/2022; obtuvo vinculaci\u00f3n a proceso: en Coatepec, contra Iv\u00e1n Josu\u00e9 \u201cN\u201d como presunto responsable del delito de homicidio en grado de tentativa en agravio de la v\u00edctima identificada con las iniciales R.H.R., dentro del proceso penal 238\/2023; Xalapa, contra Jonny Alberto \u201cN\u201d como presunto responsable del delito de homicidio doloso calificado en grado de tentativa en agravio de la v\u00edctima identificada con las iniciales J.J.R.O., hechos ocurridos el 7 de julio del a\u00f1o en curso en la colonia Comercio de Xalapa, cuando despu\u00e9s de una discusi\u00f3n familiar, presuntamente agredi\u00f3 con arma blanca a la v\u00edctima, dentro del proceso penal 549\/2023.<\/p>\n\n\n\n<p>La Unidad Especializada en Combate al Secuestro realiz\u00f3 imputaci\u00f3n en Poza Rica, contra Juan de Jes\u00fas \u201cN\u201d, Jos\u00e9 Francisco \u201cN\u201d y Jhonny Alejandro \u201cN\u201d como presuntos responsables del delito de secuestro agravado en agravio de las v\u00edctimas identificadas con las iniciales J.A.O.S., C.H.O.S. y M.L.Q., hechos ocurridos el 27 de abril del 2022 en la ciudad de Tihuatl\u00e1n cuando presuntamente privaron de la libertad a las v\u00edctimas para posteriormente solicitar dinero a cambio de sus liberaciones, dentro del proceso penal 597\/2023.<\/p>\n\n\n\n<p>La Fiscal\u00eda Regional Coatzacoalcos obtuvo vinculaci\u00f3n a proceso: en esta ciudad, contra Jos\u00e9 Ram\u00f3n \u201cN\u201d como presunto responsable de los delitos de robo a casa habitaci\u00f3n, lesiones calificadas y amenazas, en agravio de las v\u00edctimas identificadas con las iniciales L.R.P.S. y J.J.B.P., dentro del proceso penal 3\/2023; en la misma ciudad, contra Santos Dar\u00edo \u201cN\u201d como presunto responsable del delito contra la salud, dentro del proceso penal 1019\/2023; realiz\u00f3 imputaci\u00f3n, en Coatzacoalcos, contra Jorge Amador \u201cN\u201d como presunto responsable de los delitos de lesiones y amenazas, dentro del proceso penal 972\/2021; en Acayucan, contra Jos\u00e9 Luis \u201cN\u201d alias \u201cEl Cuyo\u201d como presunto responsable del delito de homicidio doloso calificado en grado de tentativa en agravio de la v\u00edctima identificada con las iniciales M.A.H.A., dentro del proceso penal 284\/2023\/S2; en Las Choapas, contra Erasmo Carlos \u201cN\u201d como presunto responsable del delito de robo agravado, dentro del proceso penal 234\/2023; en Coatzacoalcos, contra Ladislao \u201cN\u201d y Carlos \u201cN\u201d como presuntos responsables de los delitos de lesiones calificadas y robo en grado de tentativa en agravio de una v\u00edctima de identidad resguardada, hechos ocurridos el 19 de diciembre del a\u00f1o en curso en la colonia Miguel Hidalgo, de esta ciudad, cuando fueron sorprendidos presuntamente golpeando a la v\u00edctima para posteriormente despojarla de dinero en efectivo, dentro del proceso penal 1021\/2023.<\/p>\n\n\n\n<p>La Fiscal\u00eda Regional Veracruz realiz\u00f3 imputaci\u00f3n, en Boca del R\u00edo, contra Jaime \u201cN\u201d como presunto responsable de los delitos de robo agravado en agravio de la cadena comercial Oxxo y lesiones dolosas en agravio de la v\u00edctima identificada con las iniciales P.L.H., dentro del proceso penal 1220\/2023.<\/p>\n\n\n\n<p>La Fiscal\u00eda Regional Tantoyuca realiz\u00f3 imputaci\u00f3n: en Ozuluama, contra Sergio \u201cN\u201d como como presunto responsable de los delitos de homicidio calificado en agravio de la v\u00edctima identificada con las iniciales F.G.S., lesiones calificadas en agravio de un menor de edad de identidad resguardada y homicidio en grado de tentativa era agravio de una v\u00edctima identificada con las iniciales W.Z.Z.E., hechos ocurridos el 29 de noviembre del a\u00f1o en curso, cuando el imputado se introdujo a la rancher\u00eda denominada \u201cDolor de Cabeza\u201d, ubicado en la localidad Isla Juana A. Ram\u00edrez, perteneciente a este municipio, y presuntamente cometi\u00f3 los delitos mencionados, dentro del proceso penal 122\/2023; en la misma ciudad, contra Miguel \u00c1ngel \u201cN\u201d, Julio C\u00e9sar \u201cN\u201d y Pedro \u201cN\u201d como presuntos responsables del delito de homicidio doloso calificado en agravio de la v\u00edctima identificada con las iniciales N.G.A., hechos ocurridos el 1 de julio de 2019 sobre la carretera que comunica a Matamoros con Puerto Ju\u00e1rez, a la altura del municipio de Ozuluama, cuando presuntamente dispararon en contra de la v\u00edctima y lo privaron de la vida, dentro del proceso penal 47\/2020; obtuvo vinculaci\u00f3n a proceso, en Tantoyuca, contra Isidro Daniel \u201cN\u201d como presunto responsable del delito contra la salud, hechos ocurridos el 16 de diciembre del a\u00f1o en curso en la colonia Centro del municipio de Tempoal, cuando fue sorprendido en presunta posesi\u00f3n de ocho bolsas que en su interior conten\u00edan hierba verde seca con caracter\u00edsticas similares a la droga conocida como marihuana, dentro del proceso penal 366\/2023.<\/p>\n\n\n\n<p>La Fiscal\u00eda Regional Cosamaloapan realiz\u00f3 imputaci\u00f3n en esta ciudad, en contra de Alfredo \u201cN\u201d como presunto responsable del delito de robo en agravio de inmueble con giro comercial de hotel, hechos ocurridos el 19 de diciembre del a\u00f1o en curso cuando fue sorprendido en el techo de dicho establecimiento, ubicado en la colonia centro de esta ciudad, presuntamente intentando apoderarse de la tuber\u00eda de cobre del inmueble.<\/p>\n\n\n\n<p>La Fiscal\u00eda Regional C\u00f3rdoba realiz\u00f3 imputaci\u00f3n en Nogales, contra Pablo Abraham \u201cN\u201d como presunto responsable del delito de robo agravado, hechos, acontecidos el 19 de diciembre del a\u00f1o en curso en la colonia Los Arenales, del municipio de Nogales, cuando presuntamente intent\u00f3 despojar de dinero en efectivo al chofer de un autob\u00fas cuando se encontraba laborando en su ruta, dentro del proceso penal 485\/2023.<\/p>\n\n\n\n<p>En la mesa expuso que en las pasadas 24 horas se cumplimentaron 16 mandamientos judiciales y 2 detenciones en flagrancia.<\/p>\n\n\n\n<p>Participaron el Encargado de Despacho de la Secretar\u00eda de Gobierno, Carlos Alberto Ju\u00e1rez Gil; el Secretario de Seguridad P\u00fablica, Cuauht\u00e9moc Z\u00fa\u00f1iga Bonilla; la Secretaria de Protecci\u00f3n Civil, Guadalupe Osorno Maldonado, as\u00ed como mandos del Ej\u00e9rcito Nacional, Guardia Nacional y Secretar\u00eda de Marina.<\/p>\n","protected":false},"excerpt":{"rendered":"<p>La Fiscal General del Estado, Ver\u00f3nica Hern\u00e1ndez Giad\u00e1ns, particip\u00f3 de manera virtual en la Mesa de Coordinaci\u00f3n para la Construcci\u00f3n de la Paz encabezada por el Gobernador Cuitl\u00e1huac Garc\u00eda Jim\u00e9nez, donde inform\u00f3 que la Fiscal\u00eda Regional Tuxpan logr\u00f3 sentencia condenatoria de 70 a\u00f1os de prisi\u00f3n en contra de Mario \u201cN\u201d como responsable del delito de [&hellip;]<\/p>\n","protected":false},"author":7,"featured_media":87107,"comment_status":"open","ping_status":"open","sticky":false,"template":"","format":"standard","meta":{"_monsterinsights_skip_tracking":false,"_monsterinsights_sitenote_active":false,"_monsterinsights_sitenote_note":"","_monsterinsights_sitenote_category":0,"footnotes":""},"categories":[156],"tags":[788,298,180,964],"class_list":["post-133670","post","type-post","status-publish","format-standard","has-post-thumbnail","hentry","category-estado","tag-detenidos","tag-fiscalia","tag-veracruz","tag-veronica-hernandez-giadans","wp-image-borders"],"amp_enabled":true,"_links":{"self":[{"href":"https:\/\/nvnoticias.mx\/index.php\/wp-json\/wp\/v2\/posts\/133670","targetHints":{"allow":["GET"]}}],"collection":[{"href":"https:\/\/nvnoticias.mx\/index.php\/wp-json\/wp\/v2\/posts"}],"about":[{"href":"https:\/\/nvnoticias.mx\/index.php\/wp-json\/wp\/v2\/types\/post"}],"author":[{"embeddable":true,"href":"https:\/\/nvnoticias.mx\/index.php\/wp-json\/wp\/v2\/users\/7"}],"replies":[{"embeddable":true,"href":"https:\/\/nvnoticias.mx\/index.php\/wp-json\/wp\/v2\/comments?post=133670"}],"version-history":[{"count":1,"href":"https:\/\/nvnoticias.mx\/index.php\/wp-json\/wp\/v2\/posts\/133670\/revisions"}],"predecessor-version":[{"id":133671,"href":"https:\/\/nvnoticias.mx\/index.php\/wp-json\/wp\/v2\/posts\/133670\/revisions\/133671"}],"wp:featuredmedia":[{"embeddable":true,"href":"https:\/\/nvnoticias.mx\/index.php\/wp-json\/wp\/v2\/media\/87107"}],"wp:attachment":[{"href":"https:\/\/nvnoticias.mx\/index.php\/wp-json\/wp\/v2\/media?parent=133670"}],"wp:term":[{"taxonomy":"category","embeddable":true,"href":"https:\/\/nvnoticias.mx\/index.php\/wp-json\/wp\/v2\/categories?post=133670"},{"taxonomy":"post_tag","embeddable":true,"href":"https:\/\/nvnoticias.mx\/index.php\/wp-json\/wp\/v2\/tags?post=133670"}],"curies":[{"name":"wp","href":"https:\/\/api.w.org\/{rel}","templated":true}]}}