{"id":133593,"date":"2023-12-23T13:36:47","date_gmt":"2023-12-23T19:36:47","guid":{"rendered":"https:\/\/nvnoticias.mx\/?p=133593"},"modified":"2023-12-23T13:36:49","modified_gmt":"2023-12-23T19:36:49","slug":"frena-francia-avion-con-303-pasajeros-de-india-rumbo-a-nicaragua","status":"publish","type":"post","link":"https:\/\/nvnoticias.mx\/index.php\/2023\/12\/23\/frena-francia-avion-con-303-pasajeros-de-india-rumbo-a-nicaragua\/","title":{"rendered":"Frena Francia avi\u00f3n con 303 pasajeros de India rumbo a Nicaragua"},"content":{"rendered":"\n<p>El avi\u00f3n que llevaba\u00a0<strong>303 pasajeros<\/strong>\u00a0de nacionalidad india con destino a\u00a0<strong>Nicaragua\u00a0<\/strong>contin\u00faa inmovilizado ese s\u00e1bado en un aeropuerto de\u00a0<strong>Francia\u00a0<\/strong>por las sospechas de tr\u00e1fico de seres humanos, en un caso en el que ya hay dos detenidos.<\/p>\n\n\n\n<p>El areodromo ha sido confinado, lo que ha obligado a desviar los vuelos previstos para ayer y hoy, y los pasajeros est\u00e1n alojados de forma provisional en el vest\u00edbulo de entrada de la instalaci\u00f3n.<\/p>\n\n\n\n<p>El aparato, un Airbus A340 de la compa\u00f1\u00eda rumana\u00a0<strong>Legend Airlines<\/strong>, aterriz\u00f3 hacia las 14.00 GMT del jueves en el\u00a0<strong>aeropuerto de Chalons-Vatry<\/strong>, a unos 140 kil\u00f3metros al este de\u00a0<strong>Par\u00eds\u00a0<\/strong>para una escala t\u00e9cnica en su\u00a0<strong>trayecto de Emiratos \u00c1rabes Unidos (EUA) a Managua<\/strong>, seg\u00fan explicaron las autoridades.<\/p>\n\n\n\n<p>Las autoridades intervinieron tras recibir una denuncia an\u00f3nima acerca de que entre los pasajeros habr\u00eda&nbsp;<strong>v\u00edctimas de trata de personas<\/strong>, por lo que se lanz\u00f3 una investigaci\u00f3n que lleva la Fiscal\u00eda del Par\u00eds.<\/p>\n\n\n\n<p>Los pasajeros fueron desembarcados y la tripulaci\u00f3n interrogadas. Dos de los pasajeros fueron puestos bajo detenci\u00f3n policial mientras contin\u00faan las investigaciones, en las que participan diversos organismos especializados en\u00a0<strong>tr\u00e1fico internacional de personas<\/strong>.<\/p>\n\n\n\n<h2 class=\"wp-block-heading\">Vuelo fue contratado por &#8220;cliente fiable&#8221;: abogada de aerol\u00ednea que transporta 300 personas indias<\/h2>\n\n\n\n<p>El vest\u00edbulo del aeropuerto fue transformado en alojamiento improvisado, con camas individuales para ofrecer a los pasajeros &#8220;las mejores condiciones de acogida posibles&#8221;, indic\u00f3 la Prefectura (delegaci\u00f3n del Gobierno) del departamento del Marne.<\/p>\n\n\n\n<p>Una abogada que representa a la aerol\u00ednea, Liliana Bakayoko, explic\u00f3 hoy al canal informativo BFM que el&nbsp;<strong>vuelo fue contratado por &#8220;un cliente fiable de la compa\u00f1\u00eda&#8221;<\/strong>, a la que le pidi\u00f3 cubrir ese vuelo.https:\/\/9dee0bc134d17cb2d10b4489d71b4f0e.safeframe.googlesyndication.com\/safeframe\/1-0-40\/html\/container.html<\/p>\n\n\n\n<p>La letrada rechaz\u00f3 nombrar ese cliente, para preservar su derecho a la presunci\u00f3n de inocencia, pero s\u00ed aclar\u00f3 que es una empresa &#8220;registrada fuera de la Uni\u00f3n Europea&#8221; y con la que Legend Airlines ha realizado algunos vuelos en el pasado.<\/p>\n\n\n\n<p>Bakayoko recalc\u00f3 que la aerol\u00ednea no tiene nada que ver con posibles irregularidades, ya que todos los pasajeros tienen pasaporte y visados en regla y pasaron los controles policiales en el aeropuerto de partida.<\/p>\n\n\n\n<p>Y a\u00f1adi\u00f3 que las autoridades francesas han dejado&nbsp;<strong>en libertad a todos los miembros de la tripulaci\u00f3n<\/strong>&nbsp;tras interrogarlos.<\/p>\n\n\n\n<p>Mientras tanto, el aeropuerto contin\u00faa\u00a0<strong>confinado y rodeado por un controles policiales<\/strong>, para evitar la salida de los pasajeros y la entrada de personas del exterior.<\/p>\n\n\n\n<p>Fuente: <a href=\"https:\/\/www.eluniversal.com.mx\/mundo\/francia-frena-avion-con-303-pasajeros-de-india-rumbo-a-nicaragua-sospechan-trafico-de-personas\/\" data-type=\"URL\" data-id=\"https:\/\/www.eluniversal.com.mx\/mundo\/francia-frena-avion-con-303-pasajeros-de-india-rumbo-a-nicaragua-sospechan-trafico-de-personas\/\">El Universal<\/a> <\/p>\n","protected":false},"excerpt":{"rendered":"<p>El avi\u00f3n que llevaba\u00a0303 pasajeros\u00a0de nacionalidad india con destino a\u00a0Nicaragua\u00a0contin\u00faa inmovilizado ese s\u00e1bado en un aeropuerto de\u00a0Francia\u00a0por las sospechas de tr\u00e1fico de seres humanos, en un caso en el que ya hay dos detenidos. El areodromo ha sido confinado, lo que ha obligado a desviar los vuelos previstos para ayer y hoy, y los pasajeros [&hellip;]<\/p>\n","protected":false},"author":35,"featured_media":79508,"comment_status":"open","ping_status":"open","sticky":false,"template":"","format":"standard","meta":{"_monsterinsights_skip_tracking":false,"_monsterinsights_sitenote_active":false,"_monsterinsights_sitenote_note":"","_monsterinsights_sitenote_category":0,"footnotes":""},"categories":[181],"tags":[3303,1056,1948,609,6036],"class_list":["post-133593","post","type-post","status-publish","format-standard","has-post-thumbnail","hentry","category-internacional","tag-avion","tag-francia","tag-frena","tag-india","tag-nicaragua","wp-image-borders"],"amp_enabled":true,"_links":{"self":[{"href":"https:\/\/nvnoticias.mx\/index.php\/wp-json\/wp\/v2\/posts\/133593","targetHints":{"allow":["GET"]}}],"collection":[{"href":"https:\/\/nvnoticias.mx\/index.php\/wp-json\/wp\/v2\/posts"}],"about":[{"href":"https:\/\/nvnoticias.mx\/index.php\/wp-json\/wp\/v2\/types\/post"}],"author":[{"embeddable":true,"href":"https:\/\/nvnoticias.mx\/index.php\/wp-json\/wp\/v2\/users\/35"}],"replies":[{"embeddable":true,"href":"https:\/\/nvnoticias.mx\/index.php\/wp-json\/wp\/v2\/comments?post=133593"}],"version-history":[{"count":3,"href":"https:\/\/nvnoticias.mx\/index.php\/wp-json\/wp\/v2\/posts\/133593\/revisions"}],"predecessor-version":[{"id":133596,"href":"https:\/\/nvnoticias.mx\/index.php\/wp-json\/wp\/v2\/posts\/133593\/revisions\/133596"}],"wp:featuredmedia":[{"embeddable":true,"href":"https:\/\/nvnoticias.mx\/index.php\/wp-json\/wp\/v2\/media\/79508"}],"wp:attachment":[{"href":"https:\/\/nvnoticias.mx\/index.php\/wp-json\/wp\/v2\/media?parent=133593"}],"wp:term":[{"taxonomy":"category","embeddable":true,"href":"https:\/\/nvnoticias.mx\/index.php\/wp-json\/wp\/v2\/categories?post=133593"},{"taxonomy":"post_tag","embeddable":true,"href":"https:\/\/nvnoticias.mx\/index.php\/wp-json\/wp\/v2\/tags?post=133593"}],"curies":[{"name":"wp","href":"https:\/\/api.w.org\/{rel}","templated":true}]}}