{"id":133491,"date":"2023-12-22T12:44:47","date_gmt":"2023-12-22T18:44:47","guid":{"rendered":"https:\/\/nvnoticias.mx\/?p=133491"},"modified":"2023-12-22T12:44:49","modified_gmt":"2023-12-22T18:44:49","slug":"revela-amlo-que-hara-cuando-termine-su-sexenio","status":"publish","type":"post","link":"https:\/\/nvnoticias.mx\/index.php\/2023\/12\/22\/revela-amlo-que-hara-cuando-termine-su-sexenio\/","title":{"rendered":"Revela AMLO qu\u00e9 har\u00e1 cuando termine su sexenio"},"content":{"rendered":"\n<p><strong>\u201cEl final, se acerca ya&#8230;\u201d\u00a0<\/strong>El\u00a0t\u00e9rmino del mandato del presidente Andr\u00e9s Manuel L\u00f3pez Obrador\u00a0cada vez est\u00e1 m\u00e1s cerca, por lo que este viernes 22 de diciembre revel\u00f3 c\u00f3mo ser\u00e1 su adi\u00f3s al final de su sexenio.<\/p>\n\n\n\n<p>En conferencia de prensa, AMLO adelant\u00f3 que, entre sus planes, est\u00e1 jubilarse y pidi\u00f3 que se respete su decisi\u00f3n, ya que \u201cest\u00e1 terminando su ciclo\u201d.<\/p>\n\n\n\n<blockquote class=\"wp-block-quote is-layout-flow wp-block-quote-is-layout-flow\"><p><strong>\u201cSoy partidario del sufragio efectivo, no reelecci\u00f3n, no creo en el \u2018necesariato\u2019<\/strong>, es decir, que uno es insustituible. Hay muchas generaciones, hay mucho talento, quien posiblemente me va a sustituir es much\u00edsimo muy inteligente\u201d, agreg\u00f3.<\/p><\/blockquote>\n\n\n\n<p>L\u00f3pez Obrador record\u00f3 que, cuando vivi\u00f3 con los ind\u00edgenas chontales durante seis a\u00f1os, aprendi\u00f3 a ver por los m\u00e1s pobres y esa convicci\u00f3n la mantiene hasta ahora.<\/p>\n\n\n\n<p>Tambi\u00e9n&nbsp;<strong>detall\u00f3 que otra de las razones por las que quiere retirarse es debido a que \u201cuno no es Dios,&nbsp;<\/strong>somos morales\u201d, esto en referencia a su salud.<\/p>\n\n\n\n<p>\u201cYa no quiero tomar tantas pastillas, va uno con los m\u00e9dicos y pastillas para todo. Si uno tiene posibilidad de hacer ejercicio, una alimentaci\u00f3n m\u00e1s tranquila, no comer tarde\u201d, agreg\u00f3.<\/p>\n\n\n\n<p>Fuente: El Financiero<\/p>\n","protected":false},"excerpt":{"rendered":"<p>\u201cEl final, se acerca ya&#8230;\u201d\u00a0El\u00a0t\u00e9rmino del mandato del presidente Andr\u00e9s Manuel L\u00f3pez Obrador\u00a0cada vez est\u00e1 m\u00e1s cerca, por lo que este viernes 22 de diciembre revel\u00f3 c\u00f3mo ser\u00e1 su adi\u00f3s al final de su sexenio. En conferencia de prensa, AMLO adelant\u00f3 que, entre sus planes, est\u00e1 jubilarse y pidi\u00f3 que se respete su decisi\u00f3n, ya [&hellip;]<\/p>\n","protected":false},"author":35,"featured_media":95375,"comment_status":"open","ping_status":"open","sticky":false,"template":"","format":"standard","meta":{"_monsterinsights_skip_tracking":false,"_monsterinsights_sitenote_active":false,"_monsterinsights_sitenote_note":"","_monsterinsights_sitenote_category":0,"footnotes":""},"categories":[158],"tags":[188,8599,6913],"class_list":["post-133491","post","type-post","status-publish","format-standard","has-post-thumbnail","hentry","category-politica","tag-amlo","tag-revela","tag-sexenio","wp-image-borders"],"amp_enabled":true,"_links":{"self":[{"href":"https:\/\/nvnoticias.mx\/index.php\/wp-json\/wp\/v2\/posts\/133491","targetHints":{"allow":["GET"]}}],"collection":[{"href":"https:\/\/nvnoticias.mx\/index.php\/wp-json\/wp\/v2\/posts"}],"about":[{"href":"https:\/\/nvnoticias.mx\/index.php\/wp-json\/wp\/v2\/types\/post"}],"author":[{"embeddable":true,"href":"https:\/\/nvnoticias.mx\/index.php\/wp-json\/wp\/v2\/users\/35"}],"replies":[{"embeddable":true,"href":"https:\/\/nvnoticias.mx\/index.php\/wp-json\/wp\/v2\/comments?post=133491"}],"version-history":[{"count":1,"href":"https:\/\/nvnoticias.mx\/index.php\/wp-json\/wp\/v2\/posts\/133491\/revisions"}],"predecessor-version":[{"id":133494,"href":"https:\/\/nvnoticias.mx\/index.php\/wp-json\/wp\/v2\/posts\/133491\/revisions\/133494"}],"wp:featuredmedia":[{"embeddable":true,"href":"https:\/\/nvnoticias.mx\/index.php\/wp-json\/wp\/v2\/media\/95375"}],"wp:attachment":[{"href":"https:\/\/nvnoticias.mx\/index.php\/wp-json\/wp\/v2\/media?parent=133491"}],"wp:term":[{"taxonomy":"category","embeddable":true,"href":"https:\/\/nvnoticias.mx\/index.php\/wp-json\/wp\/v2\/categories?post=133491"},{"taxonomy":"post_tag","embeddable":true,"href":"https:\/\/nvnoticias.mx\/index.php\/wp-json\/wp\/v2\/tags?post=133491"}],"curies":[{"name":"wp","href":"https:\/\/api.w.org\/{rel}","templated":true}]}}