{"id":133487,"date":"2023-12-22T12:24:56","date_gmt":"2023-12-22T18:24:56","guid":{"rendered":"https:\/\/nvnoticias.mx\/?p=133487"},"modified":"2023-12-22T12:24:57","modified_gmt":"2023-12-22T18:24:57","slug":"luis-suarez-es-nuevo-jugador-del-inter-de-miami-jugara-con-messi-en-la-mls","status":"publish","type":"post","link":"https:\/\/nvnoticias.mx\/index.php\/2023\/12\/22\/luis-suarez-es-nuevo-jugador-del-inter-de-miami-jugara-con-messi-en-la-mls\/","title":{"rendered":"Luis Su\u00e1rez es nuevo jugador del Inter de Miami; jugar\u00e1 con Messi en la MLS"},"content":{"rendered":"\n<p>El Inter Miami anunci\u00f3 este viernes el fichaje de Luis Su\u00e1rez, que en su desembarco en la MLS se reunir\u00e1 con su amigo Leo Messi tras brillar juntos en el Barcelona.<\/p>\n\n\n\n<p>El atacante uruguayo, de 36 a\u00f1os, tambi\u00e9n se reencontrar\u00e1 en Florida con otros dos ilustres excompa\u00f1eros del club espa\u00f1ol: Sergio Busquets y Jordi Alba.<\/p>\n\n\n\n<p>Su\u00e1rez, que recientemente regres\u00f3 a la selecci\u00f3n uruguaya, competir\u00e1 as\u00ed en EE.UU. en 2024, el a\u00f1o en el que el pa\u00eds de las barras y estrellas organizar\u00e1 la Copa Am\u00e9rica.<\/p>\n\n\n\n<blockquote class=\"wp-block-quote is-layout-flow wp-block-quote-is-layout-flow\"><p>&#8220;<em>Bienvenido Luis Su\u00e1rez al sue\u00f1o de Miami<\/em>&#8220;, escribi\u00f3 el conjunto de rosa en su cuenta oficial de X para darle la bienvenida al ariete tras semanas en las que su incorporaci\u00f3n se hab\u00eda dado pr\u00e1cticamente por hecha.<\/p><\/blockquote>\n\n\n\n<p>El contrato de Su\u00e1rez con su nuevo equipo ser\u00e1 por un a\u00f1o.<\/p>\n\n\n\n<p>El Inter Miami, que tiene entre sus propietarios a David Beckham, acompa\u00f1\u00f3 el anuncio con una foto de cuatro ni\u00f1os sentados de espaldas con los dorsales 9 (Su\u00e1rez), 10 (Messi), 18 (Jordi Alba) y 5 (Sergio) y el siguiente mensaje: &#8220;Nada m\u00e1s lindo que jugar con amigos&#8221;.<\/p>\n\n\n\n<blockquote class=\"wp-block-quote is-layout-flow wp-block-quote-is-layout-flow\"><p>&#8220;<em>Estoy muy feliz y emocionado de asumir este nuevo desaf\u00edo con el Inter Miami<\/em>&#8220;, dijo Su\u00e1rez en un comunicado.<\/p><\/blockquote>\n\n\n\n<figure class=\"wp-block-embed aligncenter is-type-rich is-provider-twitter wp-block-embed-twitter\"><div class=\"wp-block-embed__wrapper\">\n<blockquote class=\"twitter-tweet\" data-width=\"550\" data-dnt=\"true\"><p lang=\"es\" dir=\"ltr\">El comienzo de un nuevo sue\u00f1o \u2b50 <a href=\"https:\/\/t.co\/MG5DvX0Hbm\">pic.twitter.com\/MG5DvX0Hbm<\/a><\/p>&mdash; Inter Miami CF (@InterMiamiCF) <a href=\"https:\/\/twitter.com\/InterMiamiCF\/status\/1738235730126639375?ref_src=twsrc%5Etfw\">December 22, 2023<\/a><\/blockquote><script async src=\"https:\/\/platform.twitter.com\/widgets.js\" charset=\"utf-8\"><\/script>\n<\/div><\/figure>\n\n\n\n<blockquote class=\"wp-block-quote is-layout-flow wp-block-quote-is-layout-flow\"><p>&#8220;<em>Estoy preparado para trabajar y que el sue\u00f1o de ganar m\u00e1s t\u00edtulos con este gran club sea una realidad. Soy optimista sobre lo que podemos conseguir juntos con nuestra ambici\u00f3n compartida<\/em>&#8220;, a\u00f1adi\u00f3 el delantero, quien tambi\u00e9n dijo que tiene &#8220;muchas ganas&#8221; de reunirse con &#8220;grandes amigos y jugadores&#8221; en el conjunto que dirige el entrenador argentino Gerardo &#8216;Tata&#8217; Martino.<\/p><\/blockquote>\n\n\n\n<p>La cuenta de X del Inter Miami public\u00f3 poco despu\u00e9s las primeras im\u00e1genes de Su\u00e1rez con vistiendo la camiseta rosa con el 9.<\/p>\n\n\n\n<p>Por su parte, Beckham asegur\u00f3 que est\u00e1n &#8220;encantados&#8221; de que un jugador de la &#8220;calidad y la pasi\u00f3n&#8221; de Su\u00e1rez llegue al club de las garzas.<\/p>\n\n\n\n<blockquote class=\"wp-block-quote is-layout-flow wp-block-quote-is-layout-flow\"><p>&#8220;<em>Se une a una plantilla que est\u00e1 inspirando a la pr\u00f3xima generaci\u00f3n y estamos deseando verle en el campo tanto con sus antiguos compa\u00f1eros como con los j\u00f3venes jugadores de nuestra Academia<\/em>&#8220;, agreg\u00f3 el exjugador brit\u00e1nico.<\/p><\/blockquote>\n\n\n\n<p>Su\u00e1rez y Messi, sin olvidar al brasile\u00f1o Neymar, formaron un tridente letal en el Barcelona que se proclam\u00f3 campe\u00f3n de la Champions League y del Mundial de Clubes en la temporada 2014-2015.<\/p>\n\n\n\n<figure class=\"wp-block-embed aligncenter is-type-rich is-provider-twitter wp-block-embed-twitter\"><div class=\"wp-block-embed__wrapper\">\n<blockquote class=\"twitter-tweet\" data-width=\"550\" data-dnt=\"true\"><p lang=\"en\" dir=\"ltr\">Oficial: Bienvenido a casa, <a href=\"https:\/\/twitter.com\/LuisSuarez9?ref_src=twsrc%5Etfw\">@LuisSuarez9<\/a>????<br><br>We have signed Uruguayan striker Luis Su\u00e1rez to a contract running through the 2024 Major League Soccer season!<br><br>Details: <a href=\"https:\/\/t.co\/SlaFVn0XM0\">https:\/\/t.co\/SlaFVn0XM0<\/a> <a href=\"https:\/\/t.co\/1mLJs0a78i\">pic.twitter.com\/1mLJs0a78i<\/a><\/p>&mdash; Inter Miami CF (@InterMiamiCF) <a href=\"https:\/\/twitter.com\/InterMiamiCF\/status\/1738231756191412652?ref_src=twsrc%5Etfw\">December 22, 2023<\/a><\/blockquote><script async src=\"https:\/\/platform.twitter.com\/widgets.js\" charset=\"utf-8\"><\/script>\n<\/div><\/figure>\n","protected":false},"excerpt":{"rendered":"<p>El Inter Miami anunci\u00f3 este viernes el fichaje de Luis Su\u00e1rez, que en su desembarco en la MLS se reunir\u00e1 con su amigo Leo Messi tras brillar juntos en el Barcelona. El atacante uruguayo, de 36 a\u00f1os, tambi\u00e9n se reencontrar\u00e1 en Florida con otros dos ilustres excompa\u00f1eros del club espa\u00f1ol: Sergio Busquets y Jordi Alba. [&hellip;]<\/p>\n","protected":false},"author":8,"featured_media":133488,"comment_status":"open","ping_status":"open","sticky":false,"template":"","format":"standard","meta":{"_monsterinsights_skip_tracking":false,"_monsterinsights_sitenote_active":false,"_monsterinsights_sitenote_note":"","_monsterinsights_sitenote_category":0,"footnotes":""},"categories":[159],"tags":[14931,17666],"class_list":["post-133487","post","type-post","status-publish","format-standard","has-post-thumbnail","hentry","category-deportes","tag-inter-de-miami","tag-luis-suarez","wp-image-borders"],"amp_enabled":true,"_links":{"self":[{"href":"https:\/\/nvnoticias.mx\/index.php\/wp-json\/wp\/v2\/posts\/133487","targetHints":{"allow":["GET"]}}],"collection":[{"href":"https:\/\/nvnoticias.mx\/index.php\/wp-json\/wp\/v2\/posts"}],"about":[{"href":"https:\/\/nvnoticias.mx\/index.php\/wp-json\/wp\/v2\/types\/post"}],"author":[{"embeddable":true,"href":"https:\/\/nvnoticias.mx\/index.php\/wp-json\/wp\/v2\/users\/8"}],"replies":[{"embeddable":true,"href":"https:\/\/nvnoticias.mx\/index.php\/wp-json\/wp\/v2\/comments?post=133487"}],"version-history":[{"count":1,"href":"https:\/\/nvnoticias.mx\/index.php\/wp-json\/wp\/v2\/posts\/133487\/revisions"}],"predecessor-version":[{"id":133489,"href":"https:\/\/nvnoticias.mx\/index.php\/wp-json\/wp\/v2\/posts\/133487\/revisions\/133489"}],"wp:featuredmedia":[{"embeddable":true,"href":"https:\/\/nvnoticias.mx\/index.php\/wp-json\/wp\/v2\/media\/133488"}],"wp:attachment":[{"href":"https:\/\/nvnoticias.mx\/index.php\/wp-json\/wp\/v2\/media?parent=133487"}],"wp:term":[{"taxonomy":"category","embeddable":true,"href":"https:\/\/nvnoticias.mx\/index.php\/wp-json\/wp\/v2\/categories?post=133487"},{"taxonomy":"post_tag","embeddable":true,"href":"https:\/\/nvnoticias.mx\/index.php\/wp-json\/wp\/v2\/tags?post=133487"}],"curies":[{"name":"wp","href":"https:\/\/api.w.org\/{rel}","templated":true}]}}