{"id":133474,"date":"2023-12-22T11:57:55","date_gmt":"2023-12-22T17:57:55","guid":{"rendered":"https:\/\/nvnoticias.mx\/?p=133474"},"modified":"2023-12-22T11:59:07","modified_gmt":"2023-12-22T17:59:07","slug":"declina-julen-rementeria-a-favor-de-pepe-yunes","status":"publish","type":"post","link":"https:\/\/nvnoticias.mx\/index.php\/2023\/12\/22\/declina-julen-rementeria-a-favor-de-pepe-yunes\/","title":{"rendered":"Declina Julen Rementer\u00eda a favor de Pepe Yunes"},"content":{"rendered":"\n<p><strong>Jes\u00fas Utrilla \/ NV Noticias<\/strong><\/p>\n\n\n\n<p>El senador panista veracruzano, Julen Rementer\u00eda, ha declinado a favor de Jos\u00e9 Yunes Zorrilla, aspirante del Partido Revolucionario Institucional (PRI) para encabezar la coalici\u00f3n &#8220;Fuerza y Coraz\u00f3n de Veracruz&#8221;, integrada por el PRI y el PRD, de cara a la gubernatura de 2024. <\/p>\n\n\n\n<p>Rementer\u00eda argumenta su decisi\u00f3n debido a la emergencia en seguridad que enfrenta Veracruz, siendo l\u00edder en delitos de alto impacto como feminicidios y secuestros. Adem\u00e1s, se\u00f1ala la indolencia del gobierno en temas de salud al anteponer sus intereses sobre los del estado.<\/p>\n\n\n\n<p>El senador destaca la necesidad de dejar de lado ambiciones personales para unir fuerzas y lograr la unidad necesaria para rescatar a Veracruz. <\/p>\n\n\n\n<p>Rementer\u00eda, quien hab\u00eda expresado su intenci\u00f3n de ser candidato por el PAN, subraya su decisi\u00f3n de priorizar los intereses del estado sobre sus aspiraciones personales.<\/p>\n\n\n\n<p>Destac\u00f3 la urgencia de que su partido defina su participaci\u00f3n en la alianza por Veracruz, ya que los tiempos de precampa\u00f1as se acercan y a\u00fan no se ha decidido si el PAN designar\u00e1 su propio candidato o cerrar\u00e1 la alianza con Yunes Zorrilla. <\/p>\n\n\n\n<p>Advierte sobre el riesgo de poner en peligro el destino de Veracruz si la alianza no se concreta.<\/p>\n\n\n\n<p>Rementer\u00eda elogia a Jos\u00e9 Yunes como un candidato con trayectoria capaz de resolver los problemas de Veracruz. <\/p>\n\n\n\n<p>Expresa su deseo de sumar esfuerzos para hacer de esta alianza una realidad y convertir a Yunes en el gobernador electo del estado en junio de 2024.<\/p>\n","protected":false},"excerpt":{"rendered":"<p>Jes\u00fas Utrilla \/ NV Noticias El senador panista veracruzano, Julen Rementer\u00eda, ha declinado a favor de Jos\u00e9 Yunes Zorrilla, aspirante del Partido Revolucionario Institucional (PRI) para encabezar la coalici\u00f3n &#8220;Fuerza y Coraz\u00f3n de Veracruz&#8221;, integrada por el PRI y el PRD, de cara a la gubernatura de 2024. Rementer\u00eda argumenta su decisi\u00f3n debido a la [&hellip;]<\/p>\n","protected":false},"author":8,"featured_media":133475,"comment_status":"open","ping_status":"open","sticky":false,"template":"","format":"standard","meta":{"_monsterinsights_skip_tracking":false,"_monsterinsights_sitenote_active":false,"_monsterinsights_sitenote_note":"","_monsterinsights_sitenote_category":0,"footnotes":""},"categories":[154],"tags":[808,674,162],"class_list":["post-133474","post","type-post","status-publish","format-standard","has-post-thumbnail","hentry","category-veracruz","tag-julen-rementeria","tag-pepe-yunes","tag-portada","wp-image-borders"],"amp_enabled":true,"_links":{"self":[{"href":"https:\/\/nvnoticias.mx\/index.php\/wp-json\/wp\/v2\/posts\/133474","targetHints":{"allow":["GET"]}}],"collection":[{"href":"https:\/\/nvnoticias.mx\/index.php\/wp-json\/wp\/v2\/posts"}],"about":[{"href":"https:\/\/nvnoticias.mx\/index.php\/wp-json\/wp\/v2\/types\/post"}],"author":[{"embeddable":true,"href":"https:\/\/nvnoticias.mx\/index.php\/wp-json\/wp\/v2\/users\/8"}],"replies":[{"embeddable":true,"href":"https:\/\/nvnoticias.mx\/index.php\/wp-json\/wp\/v2\/comments?post=133474"}],"version-history":[{"count":1,"href":"https:\/\/nvnoticias.mx\/index.php\/wp-json\/wp\/v2\/posts\/133474\/revisions"}],"predecessor-version":[{"id":133476,"href":"https:\/\/nvnoticias.mx\/index.php\/wp-json\/wp\/v2\/posts\/133474\/revisions\/133476"}],"wp:featuredmedia":[{"embeddable":true,"href":"https:\/\/nvnoticias.mx\/index.php\/wp-json\/wp\/v2\/media\/133475"}],"wp:attachment":[{"href":"https:\/\/nvnoticias.mx\/index.php\/wp-json\/wp\/v2\/media?parent=133474"}],"wp:term":[{"taxonomy":"category","embeddable":true,"href":"https:\/\/nvnoticias.mx\/index.php\/wp-json\/wp\/v2\/categories?post=133474"},{"taxonomy":"post_tag","embeddable":true,"href":"https:\/\/nvnoticias.mx\/index.php\/wp-json\/wp\/v2\/tags?post=133474"}],"curies":[{"name":"wp","href":"https:\/\/api.w.org\/{rel}","templated":true}]}}