{"id":133411,"date":"2023-12-21T15:48:02","date_gmt":"2023-12-21T21:48:02","guid":{"rendered":"https:\/\/nvnoticias.mx\/?p=133411"},"modified":"2023-12-21T15:48:04","modified_gmt":"2023-12-21T21:48:04","slug":"acuerdan-ine-y-sre-instalar-urnas-en-23-sedes-para-voto-de-mexicanos-en-el-extranjero","status":"publish","type":"post","link":"https:\/\/nvnoticias.mx\/index.php\/2023\/12\/21\/acuerdan-ine-y-sre-instalar-urnas-en-23-sedes-para-voto-de-mexicanos-en-el-extranjero\/","title":{"rendered":"Acuerdan INE y SRE instalar urnas en 23 sedes para voto de mexicanos en el extranjero"},"content":{"rendered":"\n<p>El&nbsp;<strong>Instituto Nacional Electoral<\/strong>&nbsp;(INE) y la&nbsp;<strong>Secretar\u00eda de Relaciones Exteriores<\/strong>&nbsp;(SRE), suscribieron dos convenios de colaboraci\u00f3n para hacer realidad el voto presencial de los mexicanos en el extranjero en las elecciones presidenciales del pr\u00f3ximo 2 de junio, a trav\u00e9s de la instalaci\u00f3n f\u00edsica de&nbsp;<strong>\u201cm\u00f3dulos receptores de votaci\u00f3n\u201d<\/strong>&nbsp;en 23 representaciones de la canciller\u00eda en el exterior.<\/p>\n\n\n\n<p>El acto protocolario estuvo encabezado por la consejera presidenta del INE, Guadalupe Taddei, y la canciller Alicia B\u00e1rcena, quien destac\u00f3 que la principal demanda de los connacionales que residen en el exterior es \u201cqueremos credencializarnos, queremos nuestra&nbsp;<strong>credencial del INE<\/strong>\u201d.<\/p>\n\n\n\n<blockquote class=\"wp-block-quote is-layout-flow wp-block-quote-is-layout-flow\"><p>\u201cTenemos alrededor de 30 millones de&nbsp;<strong>mexicanos en Estados Unidos<\/strong>&nbsp;solamente, entonces imag\u00ednense el potencial que hay para que estos mexicanos y mexicanas se sientan parte, son parte nuestra, y como me lo han dicho muchos de ellos: \u2018nosotros nos fuimos de M\u00e9xico, pero M\u00e9xico nunca se ha ido de nosotros\u2019, y ese es en realidad el mensaje central que yo quiero traer aqu\u00ed\u201d, expres\u00f3.<\/p><\/blockquote>\n\n\n\n<p>Recalc\u00f3 que lo que hacen el INE y la SRE es fomentar la cultura c\u00edvica, la participaci\u00f3n ciudadana, \u201cy yo dir\u00eda, el reconocimiento con dignidad de nuestros mexicanos en el exterior, porque eso es lo que ellos piden, poder ejercer sus&nbsp;<strong>derechos pol\u00edticos electorales<\/strong>&nbsp;en el extranjero y yo creo que esto es un acto que refleja justamente ese compromiso del Estado mexicano\u201d.<\/p>\n\n\n\n<p><\/p>\n\n\n\n<p>Por su parte,\u00a0<strong>Guadalupe Taddei<\/strong>\u00a0destac\u00f3 que el INE atiende la necesidad imperiosa de incluir nuevos procedimientos \u201cen c\u00f3mo nos acercamos a nuestros compatriotas en otros pa\u00edses, creo que esta es efectivamente una se\u00f1al clara de que la democracia en nuestro pa\u00eds avanza, y por otro lado tambi\u00e9n es una se\u00f1al clar\u00edsima de que el Instituto Nacional Electoral est\u00e1 trabajando de manera puntual en tiempo y en forma sin detenerse en absolutamente ninguna posible complicaci\u00f3n que se hubiera presentado\u201d.<\/p>\n\n\n\n<p>Fuente: <a href=\"https:\/\/www.eluniversal.com.mx\/nacion\/acuerdan-ine-y-sre-instalar-urnas-en-23-sedes-para-voto-de-mexicanos-en-el-extranjero\/\" data-type=\"URL\" data-id=\"https:\/\/www.eluniversal.com.mx\/nacion\/acuerdan-ine-y-sre-instalar-urnas-en-23-sedes-para-voto-de-mexicanos-en-el-extranjero\/\">El Universal<\/a> <\/p>\n","protected":false},"excerpt":{"rendered":"<p>El&nbsp;Instituto Nacional Electoral&nbsp;(INE) y la&nbsp;Secretar\u00eda de Relaciones Exteriores&nbsp;(SRE), suscribieron dos convenios de colaboraci\u00f3n para hacer realidad el voto presencial de los mexicanos en el extranjero en las elecciones presidenciales del pr\u00f3ximo 2 de junio, a trav\u00e9s de la instalaci\u00f3n f\u00edsica de&nbsp;\u201cm\u00f3dulos receptores de votaci\u00f3n\u201d&nbsp;en 23 representaciones de la canciller\u00eda en el exterior. El acto protocolario [&hellip;]<\/p>\n","protected":false},"author":35,"featured_media":80965,"comment_status":"open","ping_status":"open","sticky":false,"template":"","format":"standard","meta":{"_monsterinsights_skip_tracking":false,"_monsterinsights_sitenote_active":false,"_monsterinsights_sitenote_note":"","_monsterinsights_sitenote_category":0,"footnotes":""},"categories":[158],"tags":[5818,443,13062,257,5627,2990],"class_list":["post-133411","post","type-post","status-publish","format-standard","has-post-thumbnail","hentry","category-politica","tag-extranjero","tag-ine","tag-instalar","tag-mexicanos","tag-sre","tag-voto","wp-image-borders"],"amp_enabled":true,"_links":{"self":[{"href":"https:\/\/nvnoticias.mx\/index.php\/wp-json\/wp\/v2\/posts\/133411","targetHints":{"allow":["GET"]}}],"collection":[{"href":"https:\/\/nvnoticias.mx\/index.php\/wp-json\/wp\/v2\/posts"}],"about":[{"href":"https:\/\/nvnoticias.mx\/index.php\/wp-json\/wp\/v2\/types\/post"}],"author":[{"embeddable":true,"href":"https:\/\/nvnoticias.mx\/index.php\/wp-json\/wp\/v2\/users\/35"}],"replies":[{"embeddable":true,"href":"https:\/\/nvnoticias.mx\/index.php\/wp-json\/wp\/v2\/comments?post=133411"}],"version-history":[{"count":3,"href":"https:\/\/nvnoticias.mx\/index.php\/wp-json\/wp\/v2\/posts\/133411\/revisions"}],"predecessor-version":[{"id":133414,"href":"https:\/\/nvnoticias.mx\/index.php\/wp-json\/wp\/v2\/posts\/133411\/revisions\/133414"}],"wp:featuredmedia":[{"embeddable":true,"href":"https:\/\/nvnoticias.mx\/index.php\/wp-json\/wp\/v2\/media\/80965"}],"wp:attachment":[{"href":"https:\/\/nvnoticias.mx\/index.php\/wp-json\/wp\/v2\/media?parent=133411"}],"wp:term":[{"taxonomy":"category","embeddable":true,"href":"https:\/\/nvnoticias.mx\/index.php\/wp-json\/wp\/v2\/categories?post=133411"},{"taxonomy":"post_tag","embeddable":true,"href":"https:\/\/nvnoticias.mx\/index.php\/wp-json\/wp\/v2\/tags?post=133411"}],"curies":[{"name":"wp","href":"https:\/\/api.w.org\/{rel}","templated":true}]}}