{"id":133273,"date":"2023-12-20T12:59:06","date_gmt":"2023-12-20T18:59:06","guid":{"rendered":"https:\/\/nvnoticias.mx\/?p=133273"},"modified":"2023-12-20T12:59:07","modified_gmt":"2023-12-20T18:59:07","slug":"colectivos-instalan-arbol-de-la-ausencia-en-plaza-de-la-soberania","status":"publish","type":"post","link":"https:\/\/nvnoticias.mx\/index.php\/2023\/12\/20\/colectivos-instalan-arbol-de-la-ausencia-en-plaza-de-la-soberania\/","title":{"rendered":"Colectivos instalan \u00c1rbol de la Ausencia en Plaza de la Soberan\u00eda"},"content":{"rendered":"\n<p><strong>Jes\u00fas Utrilla \/ NV Noticias<\/strong><\/p>\n\n\n\n<p>En la Plaza de la Soberan\u00eda, Veracruz, diversos colectivos levantaron el &#8220;\u00c1rbol de la Ausencia&#8221;, un doloroso recordatorio que muestra los rostros de aquellos que permanecen desaparecidos. <\/p>\n\n\n\n<p>Lidia Lara, del Colectivo Justicia y Dignidad Veracruz, denunci\u00f3 la alarmante cifra de alrededor de 10 mil personas no localizadas en el estado, subrayando la necesidad de investigaciones r\u00e1pidas y solidaridad para hallar a hijos, esposos y hermanos.<\/p>\n\n\n\n<p>El simb\u00f3lico \u00e1rbol fue erigido por seis colectivos, incluyendo a Justicia y Dignidad Veracruz, Red de Madres Veracruz y Fe y Esperanza por un Milagro De Dios. Lara enfatiz\u00f3 que, a pesar de que la comisi\u00f3n de b\u00fasqueda mencion\u00f3 solo 700 desapariciones, esta cifra es incorrecta dada la situaci\u00f3n de violencia en Veracruz.<\/p>\n\n\n\n<blockquote class=\"wp-block-quote is-layout-flow wp-block-quote-is-layout-flow\"><p>\u201c<em>Cada a\u00f1o lo estamos haciendo en voz de nuestros desaparecidos. En el estado de Veracruz hay m\u00e1s de 10 mil personas desaparecidas, aunque la comisi\u00f3n de b\u00fasqueda dijo que solamente son 700, es una cifra err\u00f3nea porque Veracruz es de los estados m\u00e1s violentos, donde hay mucha desaparici\u00f3n<\/em>\u201d.<\/p><\/blockquote>\n\n\n\n<p>Adem\u00e1s, advirti\u00f3 sobre el preocupante aumento de desapariciones a lo largo de 2023, resaltando casos como el de los j\u00f3venes de Tres Valles y los ocho j\u00f3venes desaparecidos en Veracruz este a\u00f1o. <\/p>\n\n\n\n<p>El &#8220;\u00c1rbol de la Ausencia&#8221; permanecer\u00e1 en Plaza de la Soberan\u00eda hasta las 8 de la noche, recordando que, para muchas madres, la Navidad y el fin de a\u00f1o estar\u00e1n marcados por la ausencia y el dolor, con lugares vac\u00edos en la mesa festiva.<\/p>\n","protected":false},"excerpt":{"rendered":"<p>Jes\u00fas Utrilla \/ NV Noticias En la Plaza de la Soberan\u00eda, Veracruz, diversos colectivos levantaron el &#8220;\u00c1rbol de la Ausencia&#8221;, un doloroso recordatorio que muestra los rostros de aquellos que permanecen desaparecidos. Lidia Lara, del Colectivo Justicia y Dignidad Veracruz, denunci\u00f3 la alarmante cifra de alrededor de 10 mil personas no localizadas en el estado, [&hellip;]<\/p>\n","protected":false},"author":8,"featured_media":133274,"comment_status":"open","ping_status":"open","sticky":false,"template":"","format":"standard","meta":{"_monsterinsights_skip_tracking":false,"_monsterinsights_sitenote_active":false,"_monsterinsights_sitenote_note":"","_monsterinsights_sitenote_category":0,"footnotes":""},"categories":[154],"tags":[28739,360,162],"class_list":["post-133273","post","type-post","status-publish","format-standard","has-post-thumbnail","hentry","category-veracruz","tag-arbol-de-la-ausencia","tag-colectivos","tag-portada","wp-image-borders"],"amp_enabled":true,"_links":{"self":[{"href":"https:\/\/nvnoticias.mx\/index.php\/wp-json\/wp\/v2\/posts\/133273","targetHints":{"allow":["GET"]}}],"collection":[{"href":"https:\/\/nvnoticias.mx\/index.php\/wp-json\/wp\/v2\/posts"}],"about":[{"href":"https:\/\/nvnoticias.mx\/index.php\/wp-json\/wp\/v2\/types\/post"}],"author":[{"embeddable":true,"href":"https:\/\/nvnoticias.mx\/index.php\/wp-json\/wp\/v2\/users\/8"}],"replies":[{"embeddable":true,"href":"https:\/\/nvnoticias.mx\/index.php\/wp-json\/wp\/v2\/comments?post=133273"}],"version-history":[{"count":1,"href":"https:\/\/nvnoticias.mx\/index.php\/wp-json\/wp\/v2\/posts\/133273\/revisions"}],"predecessor-version":[{"id":133275,"href":"https:\/\/nvnoticias.mx\/index.php\/wp-json\/wp\/v2\/posts\/133273\/revisions\/133275"}],"wp:featuredmedia":[{"embeddable":true,"href":"https:\/\/nvnoticias.mx\/index.php\/wp-json\/wp\/v2\/media\/133274"}],"wp:attachment":[{"href":"https:\/\/nvnoticias.mx\/index.php\/wp-json\/wp\/v2\/media?parent=133273"}],"wp:term":[{"taxonomy":"category","embeddable":true,"href":"https:\/\/nvnoticias.mx\/index.php\/wp-json\/wp\/v2\/categories?post=133273"},{"taxonomy":"post_tag","embeddable":true,"href":"https:\/\/nvnoticias.mx\/index.php\/wp-json\/wp\/v2\/tags?post=133273"}],"curies":[{"name":"wp","href":"https:\/\/api.w.org\/{rel}","templated":true}]}}