{"id":133259,"date":"2023-12-20T12:28:36","date_gmt":"2023-12-20T18:28:36","guid":{"rendered":"https:\/\/nvnoticias.mx\/?p=133259"},"modified":"2023-12-20T12:28:36","modified_gmt":"2023-12-20T18:28:36","slug":"anuncia-israel-un-corredor-humanitario-maritimo-para-la-franja-de-gaza-desde-chipre","status":"publish","type":"post","link":"https:\/\/nvnoticias.mx\/index.php\/2023\/12\/20\/anuncia-israel-un-corredor-humanitario-maritimo-para-la-franja-de-gaza-desde-chipre\/","title":{"rendered":"Anuncia Israel un corredor humanitario mar\u00edtimo para la Franja de Gaza desde Chipre"},"content":{"rendered":"\n<p>&nbsp;El Ministerio de Exteriores de Israel anunci\u00f3 la pronta apertura de un&nbsp;<strong>corredor humanitario mar\u00edtimo para la Franja de Gaza<\/strong>&nbsp;desde Chipre, que estar\u00e1 sujeto a una &#8220;inspecci\u00f3n de seguridad coordinada por Israel&#8221;.<\/p>\n\n\n\n<p>El ministro de Exteriores, Eli Cohen, hizo este anuncio en Chipre, adonde viaj\u00f3 para reunirse con su colega chipriota, Constantino Kombus, quien consider\u00f3 la medida &#8220;un paso importante&#8221; para que Israel se desvincule de la situaci\u00f3n econ\u00f3mica de la&nbsp;<strong>Franja de Gaza<\/strong>.<\/p>\n\n\n\n<blockquote class=\"wp-block-quote is-layout-flow wp-block-quote-is-layout-flow\"><p>&#8220;La creaci\u00f3n de un corredor mar\u00edtimo hacia Gaza ayudar\u00e1 a la retirada econ\u00f3mica de Israel de la Franja. No permitiremos un retorno a la realidad que precedi\u00f3 al asesino ataque terrorista del 7 de octubre&#8221;, asever\u00f3 Cohen, seg\u00fan un comunicado difundido por su departamento.<\/p><\/blockquote>\n\n\n\n<p>Los dos ministros visitaron el centro de coordinaci\u00f3n polivalente ZENON y el puerto de Larnaca, que se espera sea el puesto de control de seguridad del&nbsp;<strong>corredor mar\u00edtimo<\/strong>.<\/p>\n\n\n\n<blockquote class=\"wp-block-quote is-layout-flow wp-block-quote-is-layout-flow\"><p>&#8220;Agradezco a Chipre su apoyo y cooperaci\u00f3n en esta importante iniciativa, que puede utilizarse como eje para la transferencia de&nbsp;<strong>ayuda humanitaria<\/strong>&nbsp;ya en las pr\u00f3ximas semanas y luego como una forma para la transferencia de bienes a la Franja de Gaza sin cruzar a trav\u00e9s de Israel&#8221;, indic\u00f3.<\/p><p><\/p><\/blockquote>\n\n\n\n<p>Antes de la guerra, las mercanc\u00edas y la ayuda humanitaria que entraban en la Franja de Gaza lo hac\u00edan por dos&nbsp;<strong>cruces controlados por Israel<\/strong>, el de Erez y el de Kerem Shalom; y era Israel quien decid\u00eda qu\u00e9 entraba, qu\u00e9 cantidades y cu\u00e1ndo.<\/p>\n\n\n\n<p>Desde el ataque de Hamas, que gobierna de facto la Franja, Israel considera que el grupo islamista palestino se aprovech\u00f3 de la &#8220;ayuda humanitaria&#8221; que entraba por esas v\u00edas para sus fines militares.<\/p>\n\n\n\n<p>Desde que comenz\u00f3 la guerra, la ayuda humanitaria para enclave, sumido en su mayor crisis, ha entrado a cuentagotas, principalmente por el\u00a0<strong>cruce de Rafah<\/strong>\u00a0con Egipto; pero esta semana Israel tambi\u00e9n permiti\u00f3 que algunos camiones entraran por\u00a0<strong>Kerem Shalom<\/strong>.<\/p>\n\n\n\n<p>Fuente: <a href=\"https:\/\/www.eluniversal.com.mx\/mundo\/israel-anuncia-un-corredor-humanitario-maritimo-para-la-franja-de-gaza-desde-chipre\/\" data-type=\"URL\" data-id=\"https:\/\/www.eluniversal.com.mx\/mundo\/israel-anuncia-un-corredor-humanitario-maritimo-para-la-franja-de-gaza-desde-chipre\/\">El Universal<\/a> <\/p>\n","protected":false},"excerpt":{"rendered":"<p>&nbsp;El Ministerio de Exteriores de Israel anunci\u00f3 la pronta apertura de un&nbsp;corredor humanitario mar\u00edtimo para la Franja de Gaza&nbsp;desde Chipre, que estar\u00e1 sujeto a una &#8220;inspecci\u00f3n de seguridad coordinada por Israel&#8221;. El ministro de Exteriores, Eli Cohen, hizo este anuncio en Chipre, adonde viaj\u00f3 para reunirse con su colega chipriota, Constantino Kombus, quien consider\u00f3 la [&hellip;]<\/p>\n","protected":false},"author":35,"featured_media":13458,"comment_status":"open","ping_status":"open","sticky":false,"template":"","format":"standard","meta":{"_monsterinsights_skip_tracking":false,"_monsterinsights_sitenote_active":false,"_monsterinsights_sitenote_note":"","_monsterinsights_sitenote_category":0,"footnotes":""},"categories":[181],"tags":[17215,3572,24230,3337],"class_list":["post-133259","post","type-post","status-publish","format-standard","has-post-thumbnail","hentry","category-internacional","tag-corredor","tag-franja-de-gaza","tag-humanitario","tag-israel","wp-image-borders"],"amp_enabled":true,"_links":{"self":[{"href":"https:\/\/nvnoticias.mx\/index.php\/wp-json\/wp\/v2\/posts\/133259","targetHints":{"allow":["GET"]}}],"collection":[{"href":"https:\/\/nvnoticias.mx\/index.php\/wp-json\/wp\/v2\/posts"}],"about":[{"href":"https:\/\/nvnoticias.mx\/index.php\/wp-json\/wp\/v2\/types\/post"}],"author":[{"embeddable":true,"href":"https:\/\/nvnoticias.mx\/index.php\/wp-json\/wp\/v2\/users\/35"}],"replies":[{"embeddable":true,"href":"https:\/\/nvnoticias.mx\/index.php\/wp-json\/wp\/v2\/comments?post=133259"}],"version-history":[{"count":3,"href":"https:\/\/nvnoticias.mx\/index.php\/wp-json\/wp\/v2\/posts\/133259\/revisions"}],"predecessor-version":[{"id":133262,"href":"https:\/\/nvnoticias.mx\/index.php\/wp-json\/wp\/v2\/posts\/133259\/revisions\/133262"}],"wp:featuredmedia":[{"embeddable":true,"href":"https:\/\/nvnoticias.mx\/index.php\/wp-json\/wp\/v2\/media\/13458"}],"wp:attachment":[{"href":"https:\/\/nvnoticias.mx\/index.php\/wp-json\/wp\/v2\/media?parent=133259"}],"wp:term":[{"taxonomy":"category","embeddable":true,"href":"https:\/\/nvnoticias.mx\/index.php\/wp-json\/wp\/v2\/categories?post=133259"},{"taxonomy":"post_tag","embeddable":true,"href":"https:\/\/nvnoticias.mx\/index.php\/wp-json\/wp\/v2\/tags?post=133259"}],"curies":[{"name":"wp","href":"https:\/\/api.w.org\/{rel}","templated":true}]}}