{"id":133254,"date":"2023-12-20T11:08:17","date_gmt":"2023-12-20T17:08:17","guid":{"rendered":"https:\/\/nvnoticias.mx\/?p=133254"},"modified":"2023-12-20T11:08:19","modified_gmt":"2023-12-20T17:08:19","slug":"se-suma-sergio-mayer-a-equipo-de-sheinbaum","status":"publish","type":"post","link":"https:\/\/nvnoticias.mx\/index.php\/2023\/12\/20\/se-suma-sergio-mayer-a-equipo-de-sheinbaum\/","title":{"rendered":"Se suma Sergio Mayer a equipo de Sheinbaum"},"content":{"rendered":"\n<p>El exdiputado de Morena,\u00a0<strong>Sergio Mayer\u00a0<\/strong>acept\u00f3 la invitaci\u00f3n de la precandidata presidencial\u00a0<strong>Claudia Sheinbaum<\/strong>\u00a0a sumarse a su equipo de precampa\u00f1a rumbo a las\u00a0elecciones 2024.<\/p>\n\n\n\n<blockquote class=\"wp-block-quote is-layout-flow wp-block-quote-is-layout-flow\"><p>&#8220;Acepto con gratitud, entusiasmo y responsabilidad el compromiso para acompa\u00f1arte en esta gran aventura de la continuidad de la transformaci\u00f3n de nuestro pa\u00eds&#8221;, escribi\u00f3 Mayer en su cuenta de X.<\/p><\/blockquote>\n\n\n\n<p>Adem\u00e1s, comparti\u00f3 2 fotos en las que posa junto a Claudia Sheinbaum y el dirigente nacional de Morena, Mario Delgado.<\/p>\n\n\n\n<blockquote class=\"wp-block-quote is-layout-flow wp-block-quote-is-layout-flow\"><p>&#8220;Gracias Mario Delgado por la confianza y el apoyo incondicional&#8221;, dijo el tambi\u00e9n actor y productor.<\/p><\/blockquote>\n\n\n\n<p>Fuente: <a href=\"https:\/\/www.eluniversal.com.mx\/elecciones\/team-infierno-llega-a-equipo-de-sheinbaum-se-suma-sergio-mayer\/\" data-type=\"URL\" data-id=\"https:\/\/www.eluniversal.com.mx\/elecciones\/team-infierno-llega-a-equipo-de-sheinbaum-se-suma-sergio-mayer\/\">El Universal<\/a> <\/p>\n","protected":false},"excerpt":{"rendered":"<p>El exdiputado de Morena,\u00a0Sergio Mayer\u00a0acept\u00f3 la invitaci\u00f3n de la precandidata presidencial\u00a0Claudia Sheinbaum\u00a0a sumarse a su equipo de precampa\u00f1a rumbo a las\u00a0elecciones 2024. &#8220;Acepto con gratitud, entusiasmo y responsabilidad el compromiso para acompa\u00f1arte en esta gran aventura de la continuidad de la transformaci\u00f3n de nuestro pa\u00eds&#8221;, escribi\u00f3 Mayer en su cuenta de X. Adem\u00e1s, comparti\u00f3 2 [&hellip;]<\/p>\n","protected":false},"author":35,"featured_media":133257,"comment_status":"open","ping_status":"open","sticky":false,"template":"","format":"standard","meta":{"_monsterinsights_skip_tracking":false,"_monsterinsights_sitenote_active":false,"_monsterinsights_sitenote_note":"","_monsterinsights_sitenote_category":0,"footnotes":""},"categories":[158],"tags":[2801,5327],"class_list":["post-133254","post","type-post","status-publish","format-standard","has-post-thumbnail","hentry","category-politica","tag-claudia-sheinbaum","tag-sergio-mayer","wp-image-borders"],"amp_enabled":true,"_links":{"self":[{"href":"https:\/\/nvnoticias.mx\/index.php\/wp-json\/wp\/v2\/posts\/133254","targetHints":{"allow":["GET"]}}],"collection":[{"href":"https:\/\/nvnoticias.mx\/index.php\/wp-json\/wp\/v2\/posts"}],"about":[{"href":"https:\/\/nvnoticias.mx\/index.php\/wp-json\/wp\/v2\/types\/post"}],"author":[{"embeddable":true,"href":"https:\/\/nvnoticias.mx\/index.php\/wp-json\/wp\/v2\/users\/35"}],"replies":[{"embeddable":true,"href":"https:\/\/nvnoticias.mx\/index.php\/wp-json\/wp\/v2\/comments?post=133254"}],"version-history":[{"count":3,"href":"https:\/\/nvnoticias.mx\/index.php\/wp-json\/wp\/v2\/posts\/133254\/revisions"}],"predecessor-version":[{"id":133258,"href":"https:\/\/nvnoticias.mx\/index.php\/wp-json\/wp\/v2\/posts\/133254\/revisions\/133258"}],"wp:featuredmedia":[{"embeddable":true,"href":"https:\/\/nvnoticias.mx\/index.php\/wp-json\/wp\/v2\/media\/133257"}],"wp:attachment":[{"href":"https:\/\/nvnoticias.mx\/index.php\/wp-json\/wp\/v2\/media?parent=133254"}],"wp:term":[{"taxonomy":"category","embeddable":true,"href":"https:\/\/nvnoticias.mx\/index.php\/wp-json\/wp\/v2\/categories?post=133254"},{"taxonomy":"post_tag","embeddable":true,"href":"https:\/\/nvnoticias.mx\/index.php\/wp-json\/wp\/v2\/tags?post=133254"}],"curies":[{"name":"wp","href":"https:\/\/api.w.org\/{rel}","templated":true}]}}