{"id":133238,"date":"2023-12-20T10:44:17","date_gmt":"2023-12-20T16:44:17","guid":{"rendered":"https:\/\/nvnoticias.mx\/?p=133238"},"modified":"2023-12-20T10:44:19","modified_gmt":"2023-12-20T16:44:19","slug":"revela-garcia-harfuch-cuando-regresara-a-mexico","status":"publish","type":"post","link":"https:\/\/nvnoticias.mx\/index.php\/2023\/12\/20\/revela-garcia-harfuch-cuando-regresara-a-mexico\/","title":{"rendered":"Revela Garc\u00eda Harfuch cu\u00e1ndo regresar\u00e1 a M\u00e9xico"},"content":{"rendered":"\n<p>El&nbsp;<strong>exsecretario de Seguridad Ciudadana&nbsp;<\/strong>confirm\u00f3 este mi\u00e9rcoles que est\u00e1 fuera de M\u00e9xico y explic\u00f3 las razones de su salida, adem\u00e1s de la fecha en que regresar\u00e1 para seguir trabajando rumbo a las elecciones de 2024.<\/p>\n\n\n\n<p>En entrevista para RadioF\u00f3rmula, Garc\u00eda Harfuch reconoci\u00f3 que siempre ha habido amenazas y alertamientos, pero ninguno de ellos de tal magnitud que lo haga huir del pa\u00eds por esta raz\u00f3n.<\/p>\n\n\n\n<blockquote class=\"wp-block-quote is-layout-flow wp-block-quote-is-layout-flow\"><p>\u201cQuiero dejar claro que&nbsp;<strong>no es mi perfil, que no es mi manera de ser, que por una amenaza<\/strong>&nbsp;yo me vaya o deje de hacer algo, nunca lo voy a hacer, por ninguna amenaza o ning\u00fan tipo de riesgo, porque es el trabajo que yo escog\u00ed y lo voy a hacer siempre con todo el gusto del mundo\u201d, aclar\u00f3.<\/p><\/blockquote>\n\n\n\n<p><\/p>\n\n\n\n<p>Lo anterior, luego de que el martes se dieran a conocer versiones sobre su supuesta hu\u00edda del pa\u00eds debido a que hab\u00eda recibido amenazas de muerte tras el atentado que sufri\u00f3 en 2020, cuando elementos del C\u00e1rtel Jalisco Nueva Generaci\u00f3n (CJNG) intentaron matarlo.<\/p>\n\n\n\n<hr class=\"wp-block-separator\"\/>\n\n\n\n<p>Harfuch&nbsp;dijo que la<strong>&nbsp;decisi\u00f3n de tomar vacaciones<\/strong>, despu\u00e9s de 15 a\u00f1os de trabajo ininterrumpido, fue despu\u00e9s de participar en el proceso interno de Morena para buscar la jefatura de Gobierno de la Ciudad de M\u00e9xico.<\/p>\n\n\n\n<blockquote class=\"wp-block-quote is-layout-flow wp-block-quote-is-layout-flow\"><p>\u201cLa realidad es que cuando pas\u00f3 el proceso de la encuesta que fue un proceso duro, largo, tedioso, desde ese momento yo ya hab\u00eda hablado con la doctora Claudia Sheinbaum para comentarle y si no ten\u00eda inconveniente, salir unos d\u00edas\u201d, agreg\u00f3.<\/p><\/blockquote>\n\n\n\n<hr class=\"wp-block-separator\"\/>\n\n\n\n<p>El polic\u00eda adelant\u00f3 que<strong>\u00a0regresar\u00e1 a M\u00e9xico en los primeros d\u00edas de enero<\/strong>, al terminar las fiestas de fin de a\u00f1o y as\u00ed reincorporarse a los equipos de trabajo tanto de\u00a0Claudia Sheinbaum\u00a0como de Clara Brugada.<\/p>\n\n\n\n<p>Fuente: <a href=\"https:\/\/www.elfinanciero.com.mx\/nacional\/2023\/12\/20\/garcia-harfuch-revela-cuando-regresara-a-mexico-por-ninguna-amenaza-me-voy-a-ir\/\" data-type=\"URL\" data-id=\"https:\/\/www.elfinanciero.com.mx\/nacional\/2023\/12\/20\/garcia-harfuch-revela-cuando-regresara-a-mexico-por-ninguna-amenaza-me-voy-a-ir\/\">El Financiero<\/a> <\/p>\n","protected":false},"excerpt":{"rendered":"<p>El&nbsp;exsecretario de Seguridad Ciudadana&nbsp;confirm\u00f3 este mi\u00e9rcoles que est\u00e1 fuera de M\u00e9xico y explic\u00f3 las razones de su salida, adem\u00e1s de la fecha en que regresar\u00e1 para seguir trabajando rumbo a las elecciones de 2024. En entrevista para RadioF\u00f3rmula, Garc\u00eda Harfuch reconoci\u00f3 que siempre ha habido amenazas y alertamientos, pero ninguno de ellos de tal magnitud [&hellip;]<\/p>\n","protected":false},"author":35,"featured_media":120357,"comment_status":"open","ping_status":"open","sticky":false,"template":"","format":"standard","meta":{"_monsterinsights_skip_tracking":false,"_monsterinsights_sitenote_active":false,"_monsterinsights_sitenote_note":"","_monsterinsights_sitenote_category":0,"footnotes":""},"categories":[157],"tags":[28738,292,16481,22816,8599],"class_list":["post-133238","post","type-post","status-publish","format-standard","has-post-thumbnail","hentry","category-nacional","tag-cuando","tag-mexico","tag-omar-garcia-harfuch","tag-regresara","tag-revela","wp-image-borders"],"amp_enabled":true,"_links":{"self":[{"href":"https:\/\/nvnoticias.mx\/index.php\/wp-json\/wp\/v2\/posts\/133238","targetHints":{"allow":["GET"]}}],"collection":[{"href":"https:\/\/nvnoticias.mx\/index.php\/wp-json\/wp\/v2\/posts"}],"about":[{"href":"https:\/\/nvnoticias.mx\/index.php\/wp-json\/wp\/v2\/types\/post"}],"author":[{"embeddable":true,"href":"https:\/\/nvnoticias.mx\/index.php\/wp-json\/wp\/v2\/users\/35"}],"replies":[{"embeddable":true,"href":"https:\/\/nvnoticias.mx\/index.php\/wp-json\/wp\/v2\/comments?post=133238"}],"version-history":[{"count":4,"href":"https:\/\/nvnoticias.mx\/index.php\/wp-json\/wp\/v2\/posts\/133238\/revisions"}],"predecessor-version":[{"id":133242,"href":"https:\/\/nvnoticias.mx\/index.php\/wp-json\/wp\/v2\/posts\/133238\/revisions\/133242"}],"wp:featuredmedia":[{"embeddable":true,"href":"https:\/\/nvnoticias.mx\/index.php\/wp-json\/wp\/v2\/media\/120357"}],"wp:attachment":[{"href":"https:\/\/nvnoticias.mx\/index.php\/wp-json\/wp\/v2\/media?parent=133238"}],"wp:term":[{"taxonomy":"category","embeddable":true,"href":"https:\/\/nvnoticias.mx\/index.php\/wp-json\/wp\/v2\/categories?post=133238"},{"taxonomy":"post_tag","embeddable":true,"href":"https:\/\/nvnoticias.mx\/index.php\/wp-json\/wp\/v2\/tags?post=133238"}],"curies":[{"name":"wp","href":"https:\/\/api.w.org\/{rel}","templated":true}]}}