{"id":133053,"date":"2023-12-18T14:46:05","date_gmt":"2023-12-18T20:46:05","guid":{"rendered":"https:\/\/nvnoticias.mx\/?p=133053"},"modified":"2023-12-18T14:46:06","modified_gmt":"2023-12-18T20:46:06","slug":"colectivos-de-veracruz-exigen-cifras-certeras-sobre-desapariciones","status":"publish","type":"post","link":"https:\/\/nvnoticias.mx\/index.php\/2023\/12\/18\/colectivos-de-veracruz-exigen-cifras-certeras-sobre-desapariciones\/","title":{"rendered":"Colectivos de Veracruz exigen cifras certeras sobre desapariciones"},"content":{"rendered":"\n<p><strong>Jes\u00fas Utrilla \/ NV Noticias<\/strong><\/p>\n\n\n\n<p>Colectivos de familiares de desaparecidos en Veracruz expresaron su indignaci\u00f3n, alegando que las cifras oficiales no reflejan la verdadera dimensi\u00f3n del problema de las desapariciones en el pa\u00eds y el estado. <\/p>\n\n\n\n<p>Oficialmente, se reconocen 12,777 desapariciones a nivel nacional, una cifra que los colectivos afirman est\u00e1 considerablemente subestimada, llegando a m\u00e1s de 120,000 casos.<\/p>\n\n\n\n<p>Milagros Montiel Cruz, miembro del colectivo &#8220;Luz, Fuerza y Lucha por Nuestros Desaparecidos,&#8221; anunci\u00f3 que se reunir\u00e1n con representantes de la Organizaci\u00f3n de las Naciones Unidas contra la Desaparici\u00f3n Forzada. El prop\u00f3sito de este encuentro es abordar la brecha entre las cifras oficiales y la realidad que viven las familias afectadas.<\/p>\n\n\n\n<blockquote class=\"wp-block-quote is-layout-flow wp-block-quote-is-layout-flow\"><p>&#8220;<em>A nosotros como familiares, nos est\u00e1n revictimizando al disminuir las cifras. La ONU ya lo sabe; tendremos reuniones y mesas de di\u00e1logo con ellos para informarles sobre lo que realmente est\u00e1 sucediendo a nivel nacional con nuestras familias y las cifras que se est\u00e1n difundiendo<\/em>&#8220;, afirm\u00f3 Montiel Cruz.<\/p><\/blockquote>\n\n\n\n<p>Aunque la reuni\u00f3n con la ONU ser\u00e1 presencial, a\u00fan no se ha establecido fecha ni lugar. Los colectivos buscan que se reconozca la magnitud real del problema, insistiendo en que un alto n\u00famero de personas desaparecidas se est\u00e1 excluyendo del censo oficial. <\/p>\n\n\n\n<p>Adem\u00e1s, destacan la urgencia de implementar acciones para frenar estas cifras alarmantes, estimando que en Veracruz desaparecen al menos 10 personas al d\u00eda.<\/p>\n\n\n\n<blockquote class=\"wp-block-quote is-layout-flow wp-block-quote-is-layout-flow\"><p>&#8220;<em>Lo que queremos es entender por qu\u00e9 est\u00e1n disminuyendo las cifras. En el censo deber\u00edan figurar nuestros familiares, pero los est\u00e1n reduciendo y desapareciendo. Es una doble desaparici\u00f3n sobre nuestras familias porque las fechas reales no est\u00e1n reflejadas<\/em>&#8220;, subray\u00f3 Montiel Cruz, quien busca a su esposo, Concepci\u00f3n Jim\u00e9nez P\u00e9rez, desaparecido el 1 de septiembre de 2013 en la ciudad de C\u00f3rdoba.<\/p><\/blockquote>\n","protected":false},"excerpt":{"rendered":"<p>Jes\u00fas Utrilla \/ NV Noticias Colectivos de familiares de desaparecidos en Veracruz expresaron su indignaci\u00f3n, alegando que las cifras oficiales no reflejan la verdadera dimensi\u00f3n del problema de las desapariciones en el pa\u00eds y el estado. Oficialmente, se reconocen 12,777 desapariciones a nivel nacional, una cifra que los colectivos afirman est\u00e1 considerablemente subestimada, llegando a [&hellip;]<\/p>\n","protected":false},"author":8,"featured_media":133054,"comment_status":"open","ping_status":"open","sticky":false,"template":"","format":"standard","meta":{"_monsterinsights_skip_tracking":false,"_monsterinsights_sitenote_active":false,"_monsterinsights_sitenote_note":"","_monsterinsights_sitenote_category":0,"footnotes":""},"categories":[154],"tags":[360,2674,162,180],"class_list":["post-133053","post","type-post","status-publish","format-standard","has-post-thumbnail","hentry","category-veracruz","tag-colectivos","tag-desapariciones","tag-portada","tag-veracruz","wp-image-borders"],"amp_enabled":true,"_links":{"self":[{"href":"https:\/\/nvnoticias.mx\/index.php\/wp-json\/wp\/v2\/posts\/133053","targetHints":{"allow":["GET"]}}],"collection":[{"href":"https:\/\/nvnoticias.mx\/index.php\/wp-json\/wp\/v2\/posts"}],"about":[{"href":"https:\/\/nvnoticias.mx\/index.php\/wp-json\/wp\/v2\/types\/post"}],"author":[{"embeddable":true,"href":"https:\/\/nvnoticias.mx\/index.php\/wp-json\/wp\/v2\/users\/8"}],"replies":[{"embeddable":true,"href":"https:\/\/nvnoticias.mx\/index.php\/wp-json\/wp\/v2\/comments?post=133053"}],"version-history":[{"count":1,"href":"https:\/\/nvnoticias.mx\/index.php\/wp-json\/wp\/v2\/posts\/133053\/revisions"}],"predecessor-version":[{"id":133056,"href":"https:\/\/nvnoticias.mx\/index.php\/wp-json\/wp\/v2\/posts\/133053\/revisions\/133056"}],"wp:featuredmedia":[{"embeddable":true,"href":"https:\/\/nvnoticias.mx\/index.php\/wp-json\/wp\/v2\/media\/133054"}],"wp:attachment":[{"href":"https:\/\/nvnoticias.mx\/index.php\/wp-json\/wp\/v2\/media?parent=133053"}],"wp:term":[{"taxonomy":"category","embeddable":true,"href":"https:\/\/nvnoticias.mx\/index.php\/wp-json\/wp\/v2\/categories?post=133053"},{"taxonomy":"post_tag","embeddable":true,"href":"https:\/\/nvnoticias.mx\/index.php\/wp-json\/wp\/v2\/tags?post=133053"}],"curies":[{"name":"wp","href":"https:\/\/api.w.org\/{rel}","templated":true}]}}