{"id":133036,"date":"2023-12-18T12:55:15","date_gmt":"2023-12-18T18:55:15","guid":{"rendered":"https:\/\/nvnoticias.mx\/?p=133036"},"modified":"2023-12-18T12:56:18","modified_gmt":"2023-12-18T18:56:18","slug":"piden-retomar-busqueda-de-restos-en-rancho-el-abuelo","status":"publish","type":"post","link":"https:\/\/nvnoticias.mx\/index.php\/2023\/12\/18\/piden-retomar-busqueda-de-restos-en-rancho-el-abuelo\/","title":{"rendered":"Piden retomar b\u00fasqueda de restos en Rancho el Abuelo"},"content":{"rendered":"\n<p><strong>Jes\u00fas Utrilla \/ NV Noticias<\/strong><\/p>\n\n\n\n<p>Familiares de personas desaparecidas en Veracruz acusaron a la Fiscal\u00eda General del Estado, de entorpecerse operaciones de b\u00fasqueda en la regi\u00f3n. <\/p>\n\n\n\n<p>Mario Ru\u00edz Pinz\u00f3n, miembro del Colectivo Red de Madres Veracruz, revel\u00f3 obst\u00e1culos encontrados en el Rancho el Abuelo, ubicado por Juan Alfaro. Seg\u00fan su testimonio, a pesar de hallar indicios, la Fiscal\u00eda intervino, desmantelando la brigada y dejando sin continuidad las acciones.<\/p>\n\n\n\n<p>Ru\u00edz Pinz\u00f3n lament\u00f3 que, a pesar de la previa colaboraci\u00f3n entre la Comisi\u00f3n de B\u00fasqueda y la Fiscal\u00eda, la intervenci\u00f3n de esta \u00faltima trunc\u00f3 la labor en el Rancho el Abuelo. <\/p>\n\n\n\n<p>Adem\u00e1s, se\u00f1al\u00f3 un declive en el apoyo financiero que anteriormente permit\u00eda a los familiares realizar brigadas de b\u00fasqueda, lamentando la eliminaci\u00f3n gradual de fideicomisos destinados a este prop\u00f3sito.<\/p>\n\n\n\n<p>Ante la disminuci\u00f3n de recursos, Ru\u00edz Pinz\u00f3n subray\u00f3 que previamente se destinaba financiamiento para realizar b\u00fasquedas no solo en la entidad, sino tambi\u00e9n en otros estados.<\/p>\n\n\n\n<p>Este fondo, seg\u00fan sus palabras, posibilitaba la exploraci\u00f3n de \u00e1reas donde exist\u00eda la posibilidad de encontrar a personas con vida. Sin embargo, esta capacidad se vio mermada con la eliminaci\u00f3n de los recursos y la falta de coordinaci\u00f3n entre la Fiscal\u00eda General de la Rep\u00fablica y la Fiscal\u00eda General del Estado.<\/p>\n\n\n\n<p>El Colectivo Red de Madres Veracruz se manifest\u00f3 en la ciudad de Veracruz.<\/p>\n","protected":false},"excerpt":{"rendered":"<p>Jes\u00fas Utrilla \/ NV Noticias Familiares de personas desaparecidas en Veracruz acusaron a la Fiscal\u00eda General del Estado, de entorpecerse operaciones de b\u00fasqueda en la regi\u00f3n. Mario Ru\u00edz Pinz\u00f3n, miembro del Colectivo Red de Madres Veracruz, revel\u00f3 obst\u00e1culos encontrados en el Rancho el Abuelo, ubicado por Juan Alfaro. Seg\u00fan su testimonio, a pesar de hallar [&hellip;]<\/p>\n","protected":false},"author":8,"featured_media":133037,"comment_status":"open","ping_status":"open","sticky":false,"template":"","format":"standard","meta":{"_monsterinsights_skip_tracking":false,"_monsterinsights_sitenote_active":false,"_monsterinsights_sitenote_note":"","_monsterinsights_sitenote_category":0,"footnotes":""},"categories":[154],"tags":[28711,2206,678],"class_list":["post-133036","post","type-post","status-publish","format-standard","has-post-thumbnail","hentry","category-veracruz","tag-rancho-el-abuelo","tag-busqueda","tag-restos-humanos","wp-image-borders"],"amp_enabled":true,"_links":{"self":[{"href":"https:\/\/nvnoticias.mx\/index.php\/wp-json\/wp\/v2\/posts\/133036","targetHints":{"allow":["GET"]}}],"collection":[{"href":"https:\/\/nvnoticias.mx\/index.php\/wp-json\/wp\/v2\/posts"}],"about":[{"href":"https:\/\/nvnoticias.mx\/index.php\/wp-json\/wp\/v2\/types\/post"}],"author":[{"embeddable":true,"href":"https:\/\/nvnoticias.mx\/index.php\/wp-json\/wp\/v2\/users\/8"}],"replies":[{"embeddable":true,"href":"https:\/\/nvnoticias.mx\/index.php\/wp-json\/wp\/v2\/comments?post=133036"}],"version-history":[{"count":2,"href":"https:\/\/nvnoticias.mx\/index.php\/wp-json\/wp\/v2\/posts\/133036\/revisions"}],"predecessor-version":[{"id":133039,"href":"https:\/\/nvnoticias.mx\/index.php\/wp-json\/wp\/v2\/posts\/133036\/revisions\/133039"}],"wp:featuredmedia":[{"embeddable":true,"href":"https:\/\/nvnoticias.mx\/index.php\/wp-json\/wp\/v2\/media\/133037"}],"wp:attachment":[{"href":"https:\/\/nvnoticias.mx\/index.php\/wp-json\/wp\/v2\/media?parent=133036"}],"wp:term":[{"taxonomy":"category","embeddable":true,"href":"https:\/\/nvnoticias.mx\/index.php\/wp-json\/wp\/v2\/categories?post=133036"},{"taxonomy":"post_tag","embeddable":true,"href":"https:\/\/nvnoticias.mx\/index.php\/wp-json\/wp\/v2\/tags?post=133036"}],"curies":[{"name":"wp","href":"https:\/\/api.w.org\/{rel}","templated":true}]}}