{"id":132926,"date":"2023-12-16T19:05:18","date_gmt":"2023-12-17T01:05:18","guid":{"rendered":"https:\/\/nvnoticias.mx\/?p=132926"},"modified":"2023-12-16T19:05:19","modified_gmt":"2023-12-17T01:05:19","slug":"claudio-x-gonzalez-respalda-a-pepe-yunes-como-candidato-de-oposicion-en-veracruz","status":"publish","type":"post","link":"https:\/\/nvnoticias.mx\/index.php\/2023\/12\/16\/claudio-x-gonzalez-respalda-a-pepe-yunes-como-candidato-de-oposicion-en-veracruz\/","title":{"rendered":"Claudio X Gonz\u00e1lez respalda a Pepe Yunes como candidato de oposici\u00f3n en Veracruz"},"content":{"rendered":"\n<p><strong>Jes\u00fas Utrilla \/ NV Noticias<\/strong><\/p>\n\n\n\n<p>Durante el &#8220;Encuentro Ciudadano rumbo al 2024&#8221; realizado ayer en Veracruz puerto, el empresario Claudio X Gonz\u00e1lez dio su respaldo para que Jos\u00e9 Francisco Yunes Zorrilla, ex diputado, sea el candidato a la gubernatura de Veracruz por el Frente Amplio Por M\u00e9xico (FAM).<\/p>\n\n\n\n<p>En el evento, efectuado en un conocido hotel de la zona portuaria, estuvieron presentes integrantes del movimiento &#8220;Misi\u00f3n Rescate M\u00e9xico&#8221; como Macario Schettino, Leonardo Garc\u00eda Camarena, Fernando Belauzar\u00e1n, Luis Carlos Ugalde, Ana Luc\u00eda Medina y Gabriel Sterling. <\/p>\n\n\n\n<p>Tambi\u00e9n asistieron empresarios veracruzanos, representantes de la sociedad civil y militantes del PAN local.<\/p>\n\n\n\n<p>&#8220;Ah\u00ed est\u00e1 Pepe, \u00e9l es el candidato natural y con quien deben ir todos unidos en Veracruz&#8221;, fueron las palabras textuales de Gonz\u00e1lez al dirigirse a los asistentes y brindar su respaldo a Yunes Zorrilla.<\/p>\n\n\n\n<p>En redes sociales, los integrantes de Misi\u00f3n Rescate M\u00e9xico emitieron comentarios positivos sobre la precandidatura de Pepe Yunes y lo consideraron la mejor opci\u00f3n para encabezar una coalici\u00f3n opositora rumbo a los comicios de 2024.<\/p>\n\n\n\n<p>Cabe mencionar que este s\u00e1bado, Yunes Zorrilla recibir\u00e1 en Perote a la senadora X\u00f3chitl G\u00e1lvez, en un acto donde se espera que la legisladora panista refrende el apoyo de su partido a la candidatura del exalcalde postulado por el PRI, conformando una alianza entre tricolores, blanquiazules y perredistas de cara a los pr\u00f3ximos comicios<\/p>\n","protected":false},"excerpt":{"rendered":"<p>Jes\u00fas Utrilla \/ NV Noticias Durante el &#8220;Encuentro Ciudadano rumbo al 2024&#8221; realizado ayer en Veracruz puerto, el empresario Claudio X Gonz\u00e1lez dio su respaldo para que Jos\u00e9 Francisco Yunes Zorrilla, ex diputado, sea el candidato a la gubernatura de Veracruz por el Frente Amplio Por M\u00e9xico (FAM). En el evento, efectuado en un conocido [&hellip;]<\/p>\n","protected":false},"author":8,"featured_media":132927,"comment_status":"open","ping_status":"open","sticky":false,"template":"","format":"standard","meta":{"_monsterinsights_skip_tracking":false,"_monsterinsights_sitenote_active":false,"_monsterinsights_sitenote_note":"","_monsterinsights_sitenote_category":0,"footnotes":""},"categories":[154],"tags":[5167,674],"class_list":["post-132926","post","type-post","status-publish","format-standard","has-post-thumbnail","hentry","category-veracruz","tag-claudio-x-gonzalez","tag-pepe-yunes","wp-image-borders"],"amp_enabled":true,"_links":{"self":[{"href":"https:\/\/nvnoticias.mx\/index.php\/wp-json\/wp\/v2\/posts\/132926","targetHints":{"allow":["GET"]}}],"collection":[{"href":"https:\/\/nvnoticias.mx\/index.php\/wp-json\/wp\/v2\/posts"}],"about":[{"href":"https:\/\/nvnoticias.mx\/index.php\/wp-json\/wp\/v2\/types\/post"}],"author":[{"embeddable":true,"href":"https:\/\/nvnoticias.mx\/index.php\/wp-json\/wp\/v2\/users\/8"}],"replies":[{"embeddable":true,"href":"https:\/\/nvnoticias.mx\/index.php\/wp-json\/wp\/v2\/comments?post=132926"}],"version-history":[{"count":1,"href":"https:\/\/nvnoticias.mx\/index.php\/wp-json\/wp\/v2\/posts\/132926\/revisions"}],"predecessor-version":[{"id":132928,"href":"https:\/\/nvnoticias.mx\/index.php\/wp-json\/wp\/v2\/posts\/132926\/revisions\/132928"}],"wp:featuredmedia":[{"embeddable":true,"href":"https:\/\/nvnoticias.mx\/index.php\/wp-json\/wp\/v2\/media\/132927"}],"wp:attachment":[{"href":"https:\/\/nvnoticias.mx\/index.php\/wp-json\/wp\/v2\/media?parent=132926"}],"wp:term":[{"taxonomy":"category","embeddable":true,"href":"https:\/\/nvnoticias.mx\/index.php\/wp-json\/wp\/v2\/categories?post=132926"},{"taxonomy":"post_tag","embeddable":true,"href":"https:\/\/nvnoticias.mx\/index.php\/wp-json\/wp\/v2\/tags?post=132926"}],"curies":[{"name":"wp","href":"https:\/\/api.w.org\/{rel}","templated":true}]}}