{"id":132868,"date":"2023-12-15T15:40:27","date_gmt":"2023-12-15T21:40:27","guid":{"rendered":"https:\/\/nvnoticias.mx\/?p=132868"},"modified":"2023-12-15T15:40:29","modified_gmt":"2023-12-15T21:40:29","slug":"se-estrena-obra-de-teatro-de-stranger-things-en-londres","status":"publish","type":"post","link":"https:\/\/nvnoticias.mx\/index.php\/2023\/12\/15\/se-estrena-obra-de-teatro-de-stranger-things-en-londres\/","title":{"rendered":"Se estrena obra de teatro de &#8220;Stranger Things&#8221; en Londres"},"content":{"rendered":"\n<p><strong>\u2018Stranger<\/strong>&nbsp;<strong>Things<\/strong>\u2018 llega al&nbsp;<a href=\"https:\/\/twitter.com\/STOnStage\" target=\"_blank\" rel=\"noreferrer noopener\">teatro<\/a>&nbsp;<strong>Phoenix<\/strong>, en el West End londinense, donde este diciembre se estrena la&nbsp;<strong>obra<\/strong>&nbsp;basada en la conocida serie de Netflix.<\/p>\n\n\n\n<p>Dirigida por Stephen Daldry, director de la pel\u00edcula \u2018Billy Elliot\u2019 y productor de \u2018The Crown\u2019, \u2018<strong>Stranger Things<\/strong>: The First Shadow\u2019 se remonta a 1959 para explorar la adolescencia de Henry Creel (interpretado por Louis McCartney) y su transformaci\u00f3n en Vecna, villano de la cuarta temporada.<\/p>\n\n\n\n<p>En los a\u00f1os que Creel pas\u00f3 en&nbsp;<strong>Hawkins<\/strong>,&nbsp;<strong>Indiana<\/strong>, ciudad en la que se ambienta la historia de \u2018<strong>Stranger Things<\/strong>\u2018, coincidi\u00f3 con unos j\u00f3venes Jim Hopper (Oscar Lloyd), Joyce Byers (Isabella Pappas) o Bob Newby (Christopher Buckley), entre otros personajes que tambi\u00e9n aparecen sobre el escenario.<\/p>\n\n\n\n<p>Producida por&nbsp;<strong>Netflix<\/strong>&nbsp;y por&nbsp;<strong>Sonia Friedman Productions<\/strong>, compa\u00f1\u00eda responsable del \u00e9xito teatral \u2018Harry Potter and the Cursed Child\u2019, logra traer los efectos visuales de la pantalla al escenario.<\/p>\n\n\n\n<p>Adem\u00e1s,&nbsp;<strong>consigue<\/strong>&nbsp;que los espectadores -sobre todo los seguidores de la serie- se sientan en Hawkins durante las tres horas de duraci\u00f3n de la obra, consiguiendo levantar los v\u00edtores del p\u00fablico tan solo con los primeros minutos.<\/p>\n\n\n\n<p>As\u00ed, hasta el 25 de agosto de 2024, \u2018<strong>Stranger<\/strong>&nbsp;<strong>Things<\/strong>: The First Shadow\u2019 rastrear\u00e1 los or\u00edgenes del \u2018mundo del rev\u00e9s\u2019, uno de los lugares m\u00e1s ic\u00f3nicos de la serie, haciendo que los espectadores lleguen a preguntarse \u201cqu\u00e9 es real\u201d y qu\u00e9 no lo es.<\/p>\n\n\n\n<p>Para los hermanos&nbsp;<strong>Matt<\/strong>&nbsp;y&nbsp;<strong>Ross Duffer<\/strong>, creadores de la serie y guionistas de la obra de teatro junto a Jack Thorne y Kate Trefry, esta ha sido \u201cuna de las experiencias m\u00e1s estimulantes y surrealistas\u201d de su vida.<\/p>\n","protected":false},"excerpt":{"rendered":"<p>\u2018Stranger&nbsp;Things\u2018 llega al&nbsp;teatro&nbsp;Phoenix, en el West End londinense, donde este diciembre se estrena la&nbsp;obra&nbsp;basada en la conocida serie de Netflix. Dirigida por Stephen Daldry, director de la pel\u00edcula \u2018Billy Elliot\u2019 y productor de \u2018The Crown\u2019, \u2018Stranger Things: The First Shadow\u2019 se remonta a 1959 para explorar la adolescencia de Henry Creel (interpretado por Louis McCartney) [&hellip;]<\/p>\n","protected":false},"author":35,"featured_media":61041,"comment_status":"open","ping_status":"open","sticky":false,"template":"","format":"standard","meta":{"_monsterinsights_skip_tracking":false,"_monsterinsights_sitenote_active":false,"_monsterinsights_sitenote_note":"","_monsterinsights_sitenote_category":0,"footnotes":""},"categories":[576],"tags":[1853,28694,3511],"class_list":["post-132868","post","type-post","status-publish","format-standard","has-post-thumbnail","hentry","category-ocio","tag-londres","tag-se-estrena","tag-stranger-things","wp-image-borders"],"amp_enabled":true,"_links":{"self":[{"href":"https:\/\/nvnoticias.mx\/index.php\/wp-json\/wp\/v2\/posts\/132868","targetHints":{"allow":["GET"]}}],"collection":[{"href":"https:\/\/nvnoticias.mx\/index.php\/wp-json\/wp\/v2\/posts"}],"about":[{"href":"https:\/\/nvnoticias.mx\/index.php\/wp-json\/wp\/v2\/types\/post"}],"author":[{"embeddable":true,"href":"https:\/\/nvnoticias.mx\/index.php\/wp-json\/wp\/v2\/users\/35"}],"replies":[{"embeddable":true,"href":"https:\/\/nvnoticias.mx\/index.php\/wp-json\/wp\/v2\/comments?post=132868"}],"version-history":[{"count":4,"href":"https:\/\/nvnoticias.mx\/index.php\/wp-json\/wp\/v2\/posts\/132868\/revisions"}],"predecessor-version":[{"id":132872,"href":"https:\/\/nvnoticias.mx\/index.php\/wp-json\/wp\/v2\/posts\/132868\/revisions\/132872"}],"wp:featuredmedia":[{"embeddable":true,"href":"https:\/\/nvnoticias.mx\/index.php\/wp-json\/wp\/v2\/media\/61041"}],"wp:attachment":[{"href":"https:\/\/nvnoticias.mx\/index.php\/wp-json\/wp\/v2\/media?parent=132868"}],"wp:term":[{"taxonomy":"category","embeddable":true,"href":"https:\/\/nvnoticias.mx\/index.php\/wp-json\/wp\/v2\/categories?post=132868"},{"taxonomy":"post_tag","embeddable":true,"href":"https:\/\/nvnoticias.mx\/index.php\/wp-json\/wp\/v2\/tags?post=132868"}],"curies":[{"name":"wp","href":"https:\/\/api.w.org\/{rel}","templated":true}]}}