{"id":132859,"date":"2023-12-15T14:53:52","date_gmt":"2023-12-15T20:53:52","guid":{"rendered":"https:\/\/nvnoticias.mx\/?p=132859"},"modified":"2023-12-15T14:53:53","modified_gmt":"2023-12-15T20:53:53","slug":"tepjf-confirma-que-dichos-de-fox-contra-mariana-rodriguez-no-son-violencia-politica","status":"publish","type":"post","link":"https:\/\/nvnoticias.mx\/index.php\/2023\/12\/15\/tepjf-confirma-que-dichos-de-fox-contra-mariana-rodriguez-no-son-violencia-politica\/","title":{"rendered":"TEPJF confirma que dichos de Fox contra Mariana Rodr\u00edguez, no son violencia pol\u00edtica"},"content":{"rendered":"\n<p>El Tribunal Electoral cerr\u00f3 el caso de Mariana Rodr\u00edguez y Vicente Fox, al confirmar que los dichos del expresidente en contra de la influencer no se pueden investigar como violencia pol\u00edtica de g\u00e9nero por parte de las autoridades electorales, sino que debe dirigirse al Consejo Nacional para Prevenir la Discriminaci\u00f3n por ser un asunto entre particulares.<\/p>\n\n\n\n<p>El diputado de Movimiento Ciudadano, Jorge \u00c1lvarez M\u00e1ynez denunci\u00f3 ante el Instituto Nacional Electoral al expresidente Vicente Fox por un comentario en redes sociales en el que minimiz\u00f3 a Mariana Rodr\u00edguez como una \u201cdama de compa\u00f1\u00eda\u201d de su esposo el gobernador de Nuevo Le\u00f3n, Samuel Garc\u00eda.<\/p>\n\n\n\n<p>La Unidad T\u00e9cnica de lo Contencioso Electoral del INE determin\u00f3 que no era competente para analizar este asunto porque \u201cla posible v\u00edctima no es precandidata ni ocupa alg\u00fan cargo de elecci\u00f3n popular\u201d, lo que fue impugnado por el diputado ante la Sala Superior del Tribunal Electoral del Poder Judicial de la Federaci\u00f3n.<\/p>\n\n\n\n<p>El proyecto del magistrado Felipe de la Mata Piza\u00f1a fue aprobado por unanimidad, con el que se respald\u00f3 la decisi\u00f3n del INE pues tanto Vicente Fox como Mariana Rodr\u00edguez no son personas funcionarias p\u00fablicas y en ese momento no ocupaban alguna precandidatura, por lo que se trata de un asunto entre particulares y no de competencia electoral.<\/p>\n\n\n\n<p>\u201cLo anterior es as\u00ed, porque no se est\u00e1 ante un supuesto de que el derecho a proteger derive de que la posible v\u00edctima es precandidata o candidata; ni del debido ejercicio de un cargo p\u00fablico de elecci\u00f3n popular; tampoco es tampoco militante de alg\u00fan partido pol\u00edtico respecto del cual hayan sido vulnerados sus derechos; ni est\u00e1 involucrado el ejercicio de su libertad de expresi\u00f3n o de participaci\u00f3n pol\u00edtica en materia electoral.<\/p>\n\n\n\n<p>\u201cSon publicaciones emitidas por un ciudadano y dirigidas hacia otra ciudadana, a trav\u00e9s de redes sociales. Si bien ambos pudieran n tener relevancia o presencia p\u00fablica en funci\u00f3n de las actividades que han realizado de manera p\u00fablica y\/o el n\u00famero de sus seguidores; los cierto es que ello no lo hace materia\u201d, indic\u00f3 el proyecto.<\/p>\n\n\n\n<p>Las magistraturas respaldaron por unanimidad que \u201clos hechos objetos de queja no involucran el goce o ejercicios de derechos pol\u00edtico-electorales, por no relacionarse con derechos de la supuesta v\u00edctima en su ejercicio pol\u00edtico-electoral o por su afiliaci\u00f3n a militancia o impedimento para involucrarse en la vida pol\u00edtica y electoral del pa\u00eds\u201d.<\/p>\n\n\n\n<p>Por lo que no es de incidencia electoral y Mariana Rodr\u00edguez debe denunciar a Vicente Fox ante el Conapred, ante un aparente hecho de discriminaci\u00f3n.<\/p>\n\n\n\n<p>Fuente: <a href=\"https:\/\/www.milenio.com\/politica\/tepjf-caso-fox-mariana-rodriguez-conapred\" data-type=\"URL\" data-id=\"https:\/\/www.milenio.com\/politica\/tepjf-caso-fox-mariana-rodriguez-conapred\">Milenio<\/a> <br><\/p>\n","protected":false},"excerpt":{"rendered":"<p>El Tribunal Electoral cerr\u00f3 el caso de Mariana Rodr\u00edguez y Vicente Fox, al confirmar que los dichos del expresidente en contra de la influencer no se pueden investigar como violencia pol\u00edtica de g\u00e9nero por parte de las autoridades electorales, sino que debe dirigirse al Consejo Nacional para Prevenir la Discriminaci\u00f3n por ser un asunto entre [&hellip;]<\/p>\n","protected":false},"author":35,"featured_media":28543,"comment_status":"open","ping_status":"open","sticky":false,"template":"","format":"standard","meta":{"_monsterinsights_skip_tracking":false,"_monsterinsights_sitenote_active":false,"_monsterinsights_sitenote_note":"","_monsterinsights_sitenote_category":0,"footnotes":""},"categories":[158],"tags":[3914,2130],"class_list":["post-132859","post","type-post","status-publish","format-standard","has-post-thumbnail","hentry","category-politica","tag-mariana-rodriguez","tag-vicente-fox","wp-image-borders"],"amp_enabled":true,"_links":{"self":[{"href":"https:\/\/nvnoticias.mx\/index.php\/wp-json\/wp\/v2\/posts\/132859","targetHints":{"allow":["GET"]}}],"collection":[{"href":"https:\/\/nvnoticias.mx\/index.php\/wp-json\/wp\/v2\/posts"}],"about":[{"href":"https:\/\/nvnoticias.mx\/index.php\/wp-json\/wp\/v2\/types\/post"}],"author":[{"embeddable":true,"href":"https:\/\/nvnoticias.mx\/index.php\/wp-json\/wp\/v2\/users\/35"}],"replies":[{"embeddable":true,"href":"https:\/\/nvnoticias.mx\/index.php\/wp-json\/wp\/v2\/comments?post=132859"}],"version-history":[{"count":2,"href":"https:\/\/nvnoticias.mx\/index.php\/wp-json\/wp\/v2\/posts\/132859\/revisions"}],"predecessor-version":[{"id":132861,"href":"https:\/\/nvnoticias.mx\/index.php\/wp-json\/wp\/v2\/posts\/132859\/revisions\/132861"}],"wp:featuredmedia":[{"embeddable":true,"href":"https:\/\/nvnoticias.mx\/index.php\/wp-json\/wp\/v2\/media\/28543"}],"wp:attachment":[{"href":"https:\/\/nvnoticias.mx\/index.php\/wp-json\/wp\/v2\/media?parent=132859"}],"wp:term":[{"taxonomy":"category","embeddable":true,"href":"https:\/\/nvnoticias.mx\/index.php\/wp-json\/wp\/v2\/categories?post=132859"},{"taxonomy":"post_tag","embeddable":true,"href":"https:\/\/nvnoticias.mx\/index.php\/wp-json\/wp\/v2\/tags?post=132859"}],"curies":[{"name":"wp","href":"https:\/\/api.w.org\/{rel}","templated":true}]}}