{"id":13282,"date":"2021-05-14T11:29:48","date_gmt":"2021-05-14T16:29:48","guid":{"rendered":"https:\/\/nvnoticias.mx\/?p=13282"},"modified":"2021-05-14T11:29:49","modified_gmt":"2021-05-14T16:29:49","slug":"urgen-prestadores-a-reactivar-turismo-de-eventos-y-convenciones","status":"publish","type":"post","link":"https:\/\/nvnoticias.mx\/index.php\/2021\/05\/14\/urgen-prestadores-a-reactivar-turismo-de-eventos-y-convenciones\/","title":{"rendered":"Urgen prestadores a reactivar turismo de eventos y convenciones"},"content":{"rendered":"\n<p><strong>Jes\u00fas Utrilla \/ NV Noticias<\/strong> <\/p>\n\n\n\n<p>\u00a0Retomando eventos y convenciones se lograr\u00e1 la verdadera recuperaci\u00f3n econ\u00f3mica, se\u00f1al\u00f3 Sergio Lois Heredia, presidente del Consejo Metropolitano de Turismo (COMETUR).<\/p>\n\n\n\n<p>Dijo que dicho segmento genera hasta 60 por ciento m\u00e1s en derrama econ\u00f3mica que quienes viajan por placer.<\/p>\n\n\n\n<p>Se\u00f1al\u00f3 que desde mediados de marzo comenz\u00f3 la verdadera recuperaci\u00f3n.<\/p>\n\n\n\n<p>Exist\u00eda temor\u00a0 por un posible repunte de caso despu\u00e9s de la Semana Santa, sin embargo, no ocurri\u00f3 y la gente siente m\u00e1s confianza de viajar.<\/p>\n\n\n\n<blockquote class=\"wp-block-quote is-layout-flow wp-block-quote-is-layout-flow\"><p><em>\u201cPlaticando con los integrantes del\u00a0 COMETUR nos hemos dado cuenta que el ticket promedio de quien viene a un turismo de reuniones, un congreso o una convenci\u00f3n es hasta 60 por ciento m\u00e1s alto que quien viene a placer\u201d.<\/em><\/p><\/blockquote>\n\n\n\n<p>Agreg\u00f3 que tambi\u00e9n se necesita efectuar eventos deportivos pues quienes arriban a Veracruz y Boca Del R\u00edo a participar en carreras u otras actividades generan derrama econ\u00f3mica.<\/p>\n\n\n\n<blockquote class=\"wp-block-quote is-layout-flow wp-block-quote-is-layout-flow\"><p><em>\u201cTodo el turismo se vio afectado con la pandemia, pero los deportistas tambi\u00e9n son personas que dejan una buena derrama econ\u00f3mica y adem\u00e1s cuidan las instalaciones donde se hospedan. Estos dos turismos en espec\u00edfico ayudan a reactivar temporadas bajas y podr\u00edan ayudar a consolidar la recuperaci\u00f3n m\u00e1s r\u00e1pido\u201d.<\/em><\/p><\/blockquote>\n\n\n\n<p>Por otro lado mencion\u00f3 que en el municipio de Veracruz comienza a avanzarse en el flujo de paseantes para tener ocupaciones de hasta 50 por ciento, de acuerdo al sem\u00e1foro epidemiol\u00f3gico.<\/p>\n","protected":false},"excerpt":{"rendered":"<p>Jes\u00fas Utrilla \/ NV Noticias \u00a0Retomando eventos y convenciones se lograr\u00e1 la verdadera recuperaci\u00f3n econ\u00f3mica, se\u00f1al\u00f3 Sergio Lois Heredia, presidente del Consejo Metropolitano de Turismo (COMETUR). Dijo que dicho segmento genera hasta 60 por ciento m\u00e1s en derrama econ\u00f3mica que quienes viajan por placer. Se\u00f1al\u00f3 que desde mediados de marzo comenz\u00f3 la verdadera recuperaci\u00f3n. Exist\u00eda [&hellip;]<\/p>\n","protected":false},"author":6,"featured_media":13283,"comment_status":"open","ping_status":"open","sticky":false,"template":"","format":"standard","meta":{"_monsterinsights_skip_tracking":false,"_monsterinsights_sitenote_active":false,"_monsterinsights_sitenote_note":"","_monsterinsights_sitenote_category":0,"footnotes":""},"categories":[154],"tags":[3671,2310,744],"class_list":["post-13282","post","type-post","status-publish","format-standard","has-post-thumbnail","hentry","category-veracruz","tag-convenciones","tag-eventos","tag-turismo","wp-image-borders"],"amp_enabled":true,"_links":{"self":[{"href":"https:\/\/nvnoticias.mx\/index.php\/wp-json\/wp\/v2\/posts\/13282","targetHints":{"allow":["GET"]}}],"collection":[{"href":"https:\/\/nvnoticias.mx\/index.php\/wp-json\/wp\/v2\/posts"}],"about":[{"href":"https:\/\/nvnoticias.mx\/index.php\/wp-json\/wp\/v2\/types\/post"}],"author":[{"embeddable":true,"href":"https:\/\/nvnoticias.mx\/index.php\/wp-json\/wp\/v2\/users\/6"}],"replies":[{"embeddable":true,"href":"https:\/\/nvnoticias.mx\/index.php\/wp-json\/wp\/v2\/comments?post=13282"}],"version-history":[{"count":1,"href":"https:\/\/nvnoticias.mx\/index.php\/wp-json\/wp\/v2\/posts\/13282\/revisions"}],"predecessor-version":[{"id":13284,"href":"https:\/\/nvnoticias.mx\/index.php\/wp-json\/wp\/v2\/posts\/13282\/revisions\/13284"}],"wp:featuredmedia":[{"embeddable":true,"href":"https:\/\/nvnoticias.mx\/index.php\/wp-json\/wp\/v2\/media\/13283"}],"wp:attachment":[{"href":"https:\/\/nvnoticias.mx\/index.php\/wp-json\/wp\/v2\/media?parent=13282"}],"wp:term":[{"taxonomy":"category","embeddable":true,"href":"https:\/\/nvnoticias.mx\/index.php\/wp-json\/wp\/v2\/categories?post=13282"},{"taxonomy":"post_tag","embeddable":true,"href":"https:\/\/nvnoticias.mx\/index.php\/wp-json\/wp\/v2\/tags?post=13282"}],"curies":[{"name":"wp","href":"https:\/\/api.w.org\/{rel}","templated":true}]}}