{"id":132794,"date":"2023-12-15T11:28:14","date_gmt":"2023-12-15T17:28:14","guid":{"rendered":"https:\/\/nvnoticias.mx\/?p=132794"},"modified":"2023-12-15T11:28:15","modified_gmt":"2023-12-15T17:28:15","slug":"opositor-ruso-navalny-fue-trasladado-de-carcel-a-lugar-desconocido","status":"publish","type":"post","link":"https:\/\/nvnoticias.mx\/index.php\/2023\/12\/15\/opositor-ruso-navalny-fue-trasladado-de-carcel-a-lugar-desconocido\/","title":{"rendered":"Opositor ruso Navalny fue trasladado de c\u00e1rcel a lugar &#8220;desconocido&#8221;"},"content":{"rendered":"\n<p>El opositor ruso&nbsp;<strong>Alex\u00e9i Navalny&nbsp;<\/strong>fue trasladado de una c\u00e1rcel cerca de&nbsp;<strong>Mosc\u00fa&nbsp;<\/strong>a un&nbsp;<strong>lugar desconocido<\/strong>, indic\u00f3 el viernes su entorno, que teme que haya sido transferido a un centro penitenciario con condiciones a\u00fan m\u00e1s duras.<\/p>\n\n\n\n<p>Seg\u00fan&nbsp;<strong>Kira Yarmysh<\/strong>, portavoz exiliada del activista anticorrupci\u00f3n, un tribunal inform\u00f3 al abogado del opositor que&nbsp;<strong>Navalny<\/strong>&nbsp;hab\u00eda &#8220;abandonado a la regi\u00f3n de Vladimir&#8221;, a unos 250 kil\u00f3metros de Mosc\u00fa, donde estaba encarcelado.<\/p>\n\n\n\n<blockquote class=\"wp-block-quote is-layout-flow wp-block-quote-is-layout-flow\"><p>&#8220;No sabemos exactamente a qu\u00e9 destino&#8221;, escribi\u00f3 en la red social X, y precis\u00f3 que este traslado habr\u00eda tenido lugar el 11 de diciembre.<\/p><\/blockquote>\n\n\n\n<p>Sus familiares est\u00e1n sin noticias de \u00e9l desde el 6 de diciembre.<\/p>\n\n\n\n<p>Seg\u00fan el diario ruso&nbsp;<em>Kommersant<\/em>, el tribunal, que examinaba una denuncia de Navalny contra la administraci\u00f3n de su prisi\u00f3n de<strong>&nbsp;Vladimir<\/strong>, indic\u00f3 el viernes que el opositor dej\u00f3 su colonia penitenciaria &#8220;conforme al veredicto del tribunal municipal de Mosc\u00fa del 4 de agosto de 2023&#8221;.<\/p>\n\n\n\n<p>Este fallo condena a Navalny a 19 a\u00f1os de prisi\u00f3n por &#8220;<strong>extremismo<\/strong>&#8220;, que debe pasar a una colonia en &#8220;r\u00e9gimen especial&#8221;, es decir la categor\u00eda con las condiciones de detenci\u00f3n m\u00e1s duras y que suelen estar reservadas a los condenados a cadena perpetua y a los detenidos m\u00e1s peligrosos.<\/p>\n\n\n\n<blockquote class=\"wp-block-quote is-layout-flow wp-block-quote-is-layout-flow\"><p>&#8220;La llegada de Navalny [a su nueva colonia] ser\u00e1 notificada en el marco de la legislaci\u00f3n vigente&#8221;, indica el comunicado le\u00eddo en el tribunal, seg\u00fan&nbsp;<em>Kommersant<\/em>.<\/p><\/blockquote>\n\n\n\n<p>Los traslados de una colonia penitenciaria a otra en Rusia suelen durar varias semanas de viaje en tren, y los allegados de los detenidos no tienen noticias durante este tiempo.<\/p>\n\n\n\n<p><strong>Navalny, de 47 a\u00f1os, fue detenido en enero de 2021.<\/strong><\/p>\n\n\n\n<p>A principios de diciembre, las autoridades rusas iniciaron nuevas acciones judiciales por &#8220;vandalismo&#8221; contra \u00e9l, lo que podr\u00eda sumar tres a\u00f1os m\u00e1s a su condena.<\/p>\n\n\n\n<p>El activista logr\u00f3 sobrevivir a un envenenamiento en agosto de 2020, del que acusa al Kremlin, quien niega cualquier implicaci\u00f3n.<\/p>\n\n\n\n<p>Fuente: <a href=\"https:\/\/www.eluniversal.com.mx\/mundo\/opositor-ruso-navalny-fue-trasladado-de-carcel-a-lugar-desconocido-afirman-allegados\/\" data-type=\"URL\" data-id=\"https:\/\/www.eluniversal.com.mx\/mundo\/opositor-ruso-navalny-fue-trasladado-de-carcel-a-lugar-desconocido-afirman-allegados\/\">El Universal <\/a><\/p>\n","protected":false},"excerpt":{"rendered":"<p>El opositor ruso&nbsp;Alex\u00e9i Navalny&nbsp;fue trasladado de una c\u00e1rcel cerca de&nbsp;Mosc\u00fa&nbsp;a un&nbsp;lugar desconocido, indic\u00f3 el viernes su entorno, que teme que haya sido transferido a un centro penitenciario con condiciones a\u00fan m\u00e1s duras. Seg\u00fan&nbsp;Kira Yarmysh, portavoz exiliada del activista anticorrupci\u00f3n, un tribunal inform\u00f3 al abogado del opositor que&nbsp;Navalny&nbsp;hab\u00eda &#8220;abandonado a la regi\u00f3n de Vladimir&#8221;, a unos [&hellip;]<\/p>\n","protected":false},"author":35,"featured_media":132800,"comment_status":"open","ping_status":"open","sticky":false,"template":"","format":"standard","meta":{"_monsterinsights_skip_tracking":false,"_monsterinsights_sitenote_active":false,"_monsterinsights_sitenote_note":"","_monsterinsights_sitenote_category":0,"footnotes":""},"categories":[181],"tags":[1869,28685,11148,10237,22328],"class_list":["post-132794","post","type-post","status-publish","format-standard","has-post-thumbnail","hentry","category-internacional","tag-carcel","tag-navalny","tag-opositor","tag-ruso","tag-trasladado","wp-image-borders"],"amp_enabled":true,"_links":{"self":[{"href":"https:\/\/nvnoticias.mx\/index.php\/wp-json\/wp\/v2\/posts\/132794","targetHints":{"allow":["GET"]}}],"collection":[{"href":"https:\/\/nvnoticias.mx\/index.php\/wp-json\/wp\/v2\/posts"}],"about":[{"href":"https:\/\/nvnoticias.mx\/index.php\/wp-json\/wp\/v2\/types\/post"}],"author":[{"embeddable":true,"href":"https:\/\/nvnoticias.mx\/index.php\/wp-json\/wp\/v2\/users\/35"}],"replies":[{"embeddable":true,"href":"https:\/\/nvnoticias.mx\/index.php\/wp-json\/wp\/v2\/comments?post=132794"}],"version-history":[{"count":4,"href":"https:\/\/nvnoticias.mx\/index.php\/wp-json\/wp\/v2\/posts\/132794\/revisions"}],"predecessor-version":[{"id":132799,"href":"https:\/\/nvnoticias.mx\/index.php\/wp-json\/wp\/v2\/posts\/132794\/revisions\/132799"}],"wp:featuredmedia":[{"embeddable":true,"href":"https:\/\/nvnoticias.mx\/index.php\/wp-json\/wp\/v2\/media\/132800"}],"wp:attachment":[{"href":"https:\/\/nvnoticias.mx\/index.php\/wp-json\/wp\/v2\/media?parent=132794"}],"wp:term":[{"taxonomy":"category","embeddable":true,"href":"https:\/\/nvnoticias.mx\/index.php\/wp-json\/wp\/v2\/categories?post=132794"},{"taxonomy":"post_tag","embeddable":true,"href":"https:\/\/nvnoticias.mx\/index.php\/wp-json\/wp\/v2\/tags?post=132794"}],"curies":[{"name":"wp","href":"https:\/\/api.w.org\/{rel}","templated":true}]}}