{"id":132677,"date":"2023-12-14T10:29:07","date_gmt":"2023-12-14T16:29:07","guid":{"rendered":"https:\/\/nvnoticias.mx\/?p=132677"},"modified":"2023-12-14T10:29:08","modified_gmt":"2023-12-14T16:29:08","slug":"arremete-german-martinez-contra-omar-fayad-tras-nombramiento-como-embajador-en-noruega","status":"publish","type":"post","link":"https:\/\/nvnoticias.mx\/index.php\/2023\/12\/14\/arremete-german-martinez-contra-omar-fayad-tras-nombramiento-como-embajador-en-noruega\/","title":{"rendered":"Arremete Germ\u00e1n Mart\u00ednez contra Omar Fayad tras nombramiento como embajador en Noruega"},"content":{"rendered":"\n<p>El senador del grupo plural,<strong>&nbsp;Germ\u00e1n Mart\u00ednez<\/strong>, hizo una dura critica sobre el nombramiento de&nbsp;<strong>Omar Fayad Meneses<\/strong>, exgobernador de Hidalgo,&nbsp;<strong>como embajador de M\u00e9xico en el Reino de Noruega<\/strong>, asegurando que ellos no acompa\u00f1aron la votaci\u00f3n a favor para que tuviera tal nombramiento.<\/p>\n\n\n\n<p>En la sesi\u00f3n del 13 de diciembre en el Senado de la Rep\u00fablica, se ratific\u00f3 el nombramiento de Omar Fayad con&nbsp;<strong>70 votos a favor, 33 en contra y dos abstenciones<\/strong>. Sin embargo, Germ\u00e1n Mart\u00ednez&nbsp;<strong>extendi\u00f3 una disculpa al pueblo de Noruega por el nombramiento<\/strong>, pues en d\u00edas anteriores Fayad hab\u00eda aceptado no tener alg\u00fan m\u00e9rito para ocuparse del cargo.<\/p>\n\n\n\n<blockquote class=\"wp-block-quote is-layout-flow wp-block-quote-is-layout-flow\"><p>\u201cNo nos contentamos en el grupo plural con votar en contra, queremos formalmente, desde el Parlamento mexicano extender&nbsp;<strong>nuestras m\u00e1s sentidas disculpas al pueblo de Noruega<\/strong>, al reino de Noruega, al rey de Noruega, Harald V, al primer ministro de Noruega, Jonas Gahr St\u00f8re, al Parlamento de Noruega, por haber hecho este nombramiento, que&nbsp;<strong>no va acompa\u00f1ado por nuestros votos, es una desverg\u00fcenza<\/strong>\u201d, dijo el senador ante el pleno del Senado.<\/p><\/blockquote>\n\n\n\n<p><strong>Germ\u00e1n Mart\u00edne<\/strong>z dijo que Omar Fayad llegar\u00e1 a la capital de Noruega, Oslo, con el reproche de mexicanos, quienes acompa\u00f1an su postura de que\u00a0<strong>\u201cno llega represent\u00e1ndonos a todos\u201d<\/strong>, asimismo se\u00f1alando que sienten verg\u00fcenza de que fuera el qui\u00e9n ocupe el cargo.<\/p>\n\n\n\n<blockquote class=\"wp-block-quote is-layout-flow wp-block-quote-is-layout-flow\"><p>\u201cEl cinismo que se le est\u00e1 dando a Noruega no se lo merece el pueblo de Noruega, que cuando llegue este pillo hidalguense a Oslo,<strong>\u00a0llegue con el reproche de una parte de los mexicanos<\/strong>, no llega represent\u00e1ndonos a todos,\u00a0<strong>sentimos verg\u00fcenzas unos mexicanos de que pise Oslo<\/strong>\u00a0representando a este pa\u00eds, los mexicanos somos muchos m\u00e1s que este servilismo que se est\u00e1 premiando, los mexicanos mucho m\u00e1s que est\u00e1 desverg\u00fcenza que se est\u00e1 premiando, los mexicanos tenemos honor, lealtad y dignidad a la patria\u201d, arremeti\u00f3 el senador plural.<\/p><\/blockquote>\n\n\n\n<p>Cabe se\u00f1alar que el 6 de diciembre, Omar Fayad admiti\u00f3 en comisiones del Senado que no tiene ning\u00fan m\u00e9rito para diplom\u00e1tico, sin embargo, esto no fue impedimento para que el exgobernador fuera nombrado como representante de M\u00e9xico en el pa\u00eds de Europa.<\/p>\n\n\n\n<p>Fuente: <a href=\"https:\/\/www.infobae.com\/mexico\/2023\/12\/14\/german-martinez-arremete-contra-omar-fayad-tras-nombramiento-como-embajador-en-noruega-es-una-desverguenza\/\" data-type=\"URL\" data-id=\"https:\/\/www.infobae.com\/mexico\/2023\/12\/14\/german-martinez-arremete-contra-omar-fayad-tras-nombramiento-como-embajador-en-noruega-es-una-desverguenza\/\">Infobae<\/a><\/p>\n","protected":false},"excerpt":{"rendered":"<p>El senador del grupo plural,&nbsp;Germ\u00e1n Mart\u00ednez, hizo una dura critica sobre el nombramiento de&nbsp;Omar Fayad Meneses, exgobernador de Hidalgo,&nbsp;como embajador de M\u00e9xico en el Reino de Noruega, asegurando que ellos no acompa\u00f1aron la votaci\u00f3n a favor para que tuviera tal nombramiento. En la sesi\u00f3n del 13 de diciembre en el Senado de la Rep\u00fablica, se [&hellip;]<\/p>\n","protected":false},"author":35,"featured_media":19755,"comment_status":"open","ping_status":"open","sticky":false,"template":"","format":"standard","meta":{"_monsterinsights_skip_tracking":false,"_monsterinsights_sitenote_active":false,"_monsterinsights_sitenote_note":"","_monsterinsights_sitenote_category":0,"footnotes":""},"categories":[158],"tags":[5458,5459,1610,28675,13304,489,5281],"class_list":["post-132677","post","type-post","status-publish","format-standard","has-post-thumbnail","hentry","category-politica","tag-arremete","tag-contra","tag-embajador","tag-german-martinez","tag-nombramiento","tag-noruega","tag-omar-fayad","wp-image-borders"],"amp_enabled":true,"_links":{"self":[{"href":"https:\/\/nvnoticias.mx\/index.php\/wp-json\/wp\/v2\/posts\/132677","targetHints":{"allow":["GET"]}}],"collection":[{"href":"https:\/\/nvnoticias.mx\/index.php\/wp-json\/wp\/v2\/posts"}],"about":[{"href":"https:\/\/nvnoticias.mx\/index.php\/wp-json\/wp\/v2\/types\/post"}],"author":[{"embeddable":true,"href":"https:\/\/nvnoticias.mx\/index.php\/wp-json\/wp\/v2\/users\/35"}],"replies":[{"embeddable":true,"href":"https:\/\/nvnoticias.mx\/index.php\/wp-json\/wp\/v2\/comments?post=132677"}],"version-history":[{"count":3,"href":"https:\/\/nvnoticias.mx\/index.php\/wp-json\/wp\/v2\/posts\/132677\/revisions"}],"predecessor-version":[{"id":132680,"href":"https:\/\/nvnoticias.mx\/index.php\/wp-json\/wp\/v2\/posts\/132677\/revisions\/132680"}],"wp:featuredmedia":[{"embeddable":true,"href":"https:\/\/nvnoticias.mx\/index.php\/wp-json\/wp\/v2\/media\/19755"}],"wp:attachment":[{"href":"https:\/\/nvnoticias.mx\/index.php\/wp-json\/wp\/v2\/media?parent=132677"}],"wp:term":[{"taxonomy":"category","embeddable":true,"href":"https:\/\/nvnoticias.mx\/index.php\/wp-json\/wp\/v2\/categories?post=132677"},{"taxonomy":"post_tag","embeddable":true,"href":"https:\/\/nvnoticias.mx\/index.php\/wp-json\/wp\/v2\/tags?post=132677"}],"curies":[{"name":"wp","href":"https:\/\/api.w.org\/{rel}","templated":true}]}}