{"id":132638,"date":"2023-12-13T20:03:50","date_gmt":"2023-12-14T02:03:50","guid":{"rendered":"https:\/\/nvnoticias.mx\/?p=132638"},"modified":"2023-12-13T20:03:51","modified_gmt":"2023-12-14T02:03:51","slug":"juan-reynoso-deja-de-ser-tecnico-de-la-seleccion-de-peru","status":"publish","type":"post","link":"https:\/\/nvnoticias.mx\/index.php\/2023\/12\/13\/juan-reynoso-deja-de-ser-tecnico-de-la-seleccion-de-peru\/","title":{"rendered":"Juan Reynoso deja de ser t\u00e9cnico de la Selecci\u00f3n de Per\u00fa"},"content":{"rendered":"\n<p>Juan\u00a0 Reynoso, ha dejado de ser el entrenador de la Selecci\u00f3n de Per\u00fa, y as\u00ed lo han confirmado en un comunicado por parte de la Federaci\u00f3n.<\/p>\n\n\n\n<p>En las eliminatorias rumbo a la Copa del Mundo, Per\u00fa es \u00faltimo con solo 2 puntos.<\/p>\n\n\n\n<p>En sus redes sociales, explicaron:<\/p>\n\n\n\n<figure class=\"wp-block-embed aligncenter is-type-rich is-provider-twitter wp-block-embed-twitter\"><div class=\"wp-block-embed__wrapper\">\n<blockquote class=\"twitter-tweet\" data-width=\"550\" data-dnt=\"true\"><p lang=\"pt\" dir=\"ltr\">???????????????????????????????????????? ???????????? <a href=\"https:\/\/t.co\/AtR4uGnGFu\">pic.twitter.com\/AtR4uGnGFu<\/a><\/p>&mdash; Federaci\u00f3n Peruana de F\u00fatbol (@TuFPF) <a href=\"https:\/\/twitter.com\/TuFPF\/status\/1734979267434303614?ref_src=twsrc%5Etfw\">December 13, 2023<\/a><\/blockquote><script async src=\"https:\/\/platform.twitter.com\/widgets.js\" charset=\"utf-8\"><\/script>\n<\/div><\/figure>\n","protected":false},"excerpt":{"rendered":"<p>Juan\u00a0 Reynoso, ha dejado de ser el entrenador de la Selecci\u00f3n de Per\u00fa, y as\u00ed lo han confirmado en un comunicado por parte de la Federaci\u00f3n. En las eliminatorias rumbo a la Copa del Mundo, Per\u00fa es \u00faltimo con solo 2 puntos. En sus redes sociales, explicaron:<\/p>\n","protected":false},"author":8,"featured_media":132639,"comment_status":"open","ping_status":"open","sticky":false,"template":"","format":"standard","meta":{"_monsterinsights_skip_tracking":false,"_monsterinsights_sitenote_active":false,"_monsterinsights_sitenote_note":"","_monsterinsights_sitenote_category":0,"footnotes":""},"categories":[159],"tags":[16565,13224,4602],"class_list":["post-132638","post","type-post","status-publish","format-standard","has-post-thumbnail","hentry","category-deportes","tag-director-tecnico","tag-juan-reynoso","tag-peru","wp-image-borders"],"amp_enabled":true,"_links":{"self":[{"href":"https:\/\/nvnoticias.mx\/index.php\/wp-json\/wp\/v2\/posts\/132638","targetHints":{"allow":["GET"]}}],"collection":[{"href":"https:\/\/nvnoticias.mx\/index.php\/wp-json\/wp\/v2\/posts"}],"about":[{"href":"https:\/\/nvnoticias.mx\/index.php\/wp-json\/wp\/v2\/types\/post"}],"author":[{"embeddable":true,"href":"https:\/\/nvnoticias.mx\/index.php\/wp-json\/wp\/v2\/users\/8"}],"replies":[{"embeddable":true,"href":"https:\/\/nvnoticias.mx\/index.php\/wp-json\/wp\/v2\/comments?post=132638"}],"version-history":[{"count":1,"href":"https:\/\/nvnoticias.mx\/index.php\/wp-json\/wp\/v2\/posts\/132638\/revisions"}],"predecessor-version":[{"id":132640,"href":"https:\/\/nvnoticias.mx\/index.php\/wp-json\/wp\/v2\/posts\/132638\/revisions\/132640"}],"wp:featuredmedia":[{"embeddable":true,"href":"https:\/\/nvnoticias.mx\/index.php\/wp-json\/wp\/v2\/media\/132639"}],"wp:attachment":[{"href":"https:\/\/nvnoticias.mx\/index.php\/wp-json\/wp\/v2\/media?parent=132638"}],"wp:term":[{"taxonomy":"category","embeddable":true,"href":"https:\/\/nvnoticias.mx\/index.php\/wp-json\/wp\/v2\/categories?post=132638"},{"taxonomy":"post_tag","embeddable":true,"href":"https:\/\/nvnoticias.mx\/index.php\/wp-json\/wp\/v2\/tags?post=132638"}],"curies":[{"name":"wp","href":"https:\/\/api.w.org\/{rel}","templated":true}]}}