{"id":132604,"date":"2023-12-13T14:02:26","date_gmt":"2023-12-13T20:02:26","guid":{"rendered":"https:\/\/nvnoticias.mx\/?p=132604"},"modified":"2023-12-13T14:02:27","modified_gmt":"2023-12-13T20:02:27","slug":"se-dice-ernestina-godoy-orgullosa-de-pertenecer-a-la-fiscalia-cdmx","status":"publish","type":"post","link":"https:\/\/nvnoticias.mx\/index.php\/2023\/12\/13\/se-dice-ernestina-godoy-orgullosa-de-pertenecer-a-la-fiscalia-cdmx\/","title":{"rendered":"Se dice Ernestina Godoy &#8220;orgullosa&#8221; de pertenecer a la Fiscal\u00eda CDMX"},"content":{"rendered":"\n<p>La fiscal capitalina,\u00a0<strong>Ernestina Godoy<\/strong>, dijo que est\u00e1 muy orgullosa de pertenecer a la Fiscal\u00eda General de Justicia de la Ciudad de M\u00e9xico y dijo \u201cya estaremos viendo qu\u00e9 sucede hoy\u201d, en referencia a la votaci\u00f3n del\u00a0<strong>proceso de ratificaci\u00f3n<\/strong>\u00a0que se lleva a cabo en el Congreso capitalino.<\/p>\n\n\n\n<p>Lo anterior lo dijo en un evento donde present\u00f3 la Unidad de Inteligencia A\u00e9rea, que comprende de 6 drones y 20 polic\u00edas de investigaci\u00f3n.<\/p>\n\n\n\n<p>Tras destacar la valent\u00eda de los polic\u00edas de investigaci\u00f3n, Godoy asever\u00f3 que espera que puedan seguir juntos y juntas en la transformaci\u00f3n.<\/p>\n\n\n\n<p>Este mi\u00e9rcoles se define en el Congreso capitalino si se ratifica o no a Ernestina Godoy al frente de la dependencia.<\/p>\n\n\n\n<p>Fuente: <em><a href=\"https:\/\/www.eluniversal.com.mx\/metropoli\/ernestina-godoy-se-dice-orgullosa-de-pertenecer-a-la-fiscalia-cdmx\/\" data-type=\"URL\" data-id=\"https:\/\/www.eluniversal.com.mx\/metropoli\/ernestina-godoy-se-dice-orgullosa-de-pertenecer-a-la-fiscalia-cdmx\/\">El Universal<\/a><\/em> <\/p>\n","protected":false},"excerpt":{"rendered":"<p>La fiscal capitalina,\u00a0Ernestina Godoy, dijo que est\u00e1 muy orgullosa de pertenecer a la Fiscal\u00eda General de Justicia de la Ciudad de M\u00e9xico y dijo \u201cya estaremos viendo qu\u00e9 sucede hoy\u201d, en referencia a la votaci\u00f3n del\u00a0proceso de ratificaci\u00f3n\u00a0que se lleva a cabo en el Congreso capitalino. Lo anterior lo dijo en un evento donde present\u00f3 [&hellip;]<\/p>\n","protected":false},"author":35,"featured_media":81534,"comment_status":"open","ping_status":"open","sticky":false,"template":"","format":"standard","meta":{"_monsterinsights_skip_tracking":false,"_monsterinsights_sitenote_active":false,"_monsterinsights_sitenote_note":"","_monsterinsights_sitenote_category":0,"footnotes":""},"categories":[158],"tags":[27401,7226,11331],"class_list":["post-132604","post","type-post","status-publish","format-standard","has-post-thumbnail","hentry","category-politica","tag-ernestina-godoy","tag-fiscalia-de-cdmx","tag-orgullosa","wp-image-borders"],"amp_enabled":true,"_links":{"self":[{"href":"https:\/\/nvnoticias.mx\/index.php\/wp-json\/wp\/v2\/posts\/132604","targetHints":{"allow":["GET"]}}],"collection":[{"href":"https:\/\/nvnoticias.mx\/index.php\/wp-json\/wp\/v2\/posts"}],"about":[{"href":"https:\/\/nvnoticias.mx\/index.php\/wp-json\/wp\/v2\/types\/post"}],"author":[{"embeddable":true,"href":"https:\/\/nvnoticias.mx\/index.php\/wp-json\/wp\/v2\/users\/35"}],"replies":[{"embeddable":true,"href":"https:\/\/nvnoticias.mx\/index.php\/wp-json\/wp\/v2\/comments?post=132604"}],"version-history":[{"count":3,"href":"https:\/\/nvnoticias.mx\/index.php\/wp-json\/wp\/v2\/posts\/132604\/revisions"}],"predecessor-version":[{"id":132607,"href":"https:\/\/nvnoticias.mx\/index.php\/wp-json\/wp\/v2\/posts\/132604\/revisions\/132607"}],"wp:featuredmedia":[{"embeddable":true,"href":"https:\/\/nvnoticias.mx\/index.php\/wp-json\/wp\/v2\/media\/81534"}],"wp:attachment":[{"href":"https:\/\/nvnoticias.mx\/index.php\/wp-json\/wp\/v2\/media?parent=132604"}],"wp:term":[{"taxonomy":"category","embeddable":true,"href":"https:\/\/nvnoticias.mx\/index.php\/wp-json\/wp\/v2\/categories?post=132604"},{"taxonomy":"post_tag","embeddable":true,"href":"https:\/\/nvnoticias.mx\/index.php\/wp-json\/wp\/v2\/tags?post=132604"}],"curies":[{"name":"wp","href":"https:\/\/api.w.org\/{rel}","templated":true}]}}