{"id":132506,"date":"2023-12-12T19:58:46","date_gmt":"2023-12-13T01:58:46","guid":{"rendered":"https:\/\/nvnoticias.mx\/?p=132506"},"modified":"2023-12-12T19:58:48","modified_gmt":"2023-12-13T01:58:48","slug":"limites-a-la-libertad-de-expresion","status":"publish","type":"post","link":"https:\/\/nvnoticias.mx\/index.php\/2023\/12\/12\/limites-a-la-libertad-de-expresion\/","title":{"rendered":"\u00bfL\u00edmites a la libertad de expresi\u00f3n?"},"content":{"rendered":"\n<p><strong>Ricard Homs<\/strong><\/p>\n\n\n\n<p>El tema de la libertad de expresi\u00f3n es urgente definirlo&nbsp;<strong>jur\u00eddicamente&nbsp;<\/strong>antes de las pr\u00f3ximas&nbsp;<strong>campa\u00f1as electorales<\/strong>&nbsp;del 2024.<\/p>\n\n\n\n<p>Dos casos espec\u00edficos nos dan una llamada de alerta de la necesidad de un an\u00e1lisis profundo, objetivo y no subjetivo.<\/p>\n\n\n\n<p>La interpretaci\u00f3n de la&nbsp;<strong>difamaci\u00f3n&nbsp;<\/strong>como delito no puede ser subjetiva, sino objetiva.<\/p>\n\n\n\n<p>El primer caso que puede servirnos como referencia es la demanda presentada por&nbsp;<strong>Tatiana Clouthier<\/strong>&nbsp;en contra del m\u00e9dico, periodista y l\u00edder de opini\u00f3n&nbsp;<strong>Alfredo Jalife<\/strong>, argumentando que las declaraciones ejercidas por \u00e9l en su rol de periodista en contra de ella, por su actuaci\u00f3n como funcionaria del<strong>&nbsp;gobierno federal<\/strong>, -secretaria de econom\u00eda-, constituyen difamaci\u00f3n, calumnias y lo que resulte.<\/p>\n\n\n\n<p>Las declaraciones de&nbsp;<strong>Jalife&nbsp;<\/strong>hacen referencia a su actuaci\u00f3n en el \u00e1mbito de las negociaciones respecto a la explotaci\u00f3n del litio.<\/p>\n\n\n\n<p>Las personas que&nbsp;<strong>asumen responsabilidades<\/strong>&nbsp;p\u00fablicas \u2026 \u00bfNo pueden ser cuestionadas por su actuaci\u00f3n en el cumplimiento de sus responsabilidades frente al pa\u00eds? \u2026 Por tanto, \u00bfPueden ser juzgadas las<strong>&nbsp;personas p\u00fablicas<\/strong>&nbsp;igual que los ciudadanos? El sentido com\u00fan nos gu\u00eda para entender que no deben ser juzgados con la misma medida.<\/p>\n\n\n\n<p>En el caso espec\u00edfico de las declaraciones de Jalife en contra de Tatiana Clouthier, por la forma en que fueron&nbsp;<strong>expresadas&nbsp;<\/strong>podemos considerarlas descorteses, exageradas y con rudeza innecesaria, lo cual no habla bien de \u00e9l y lo exhibe ante el p\u00fablico. Sin embargo, la esencia de las declaraciones, representan un&nbsp;<strong>cuestionamiento&nbsp;<\/strong>a su actuaci\u00f3n como funcionaria p\u00fablica.<\/p>\n\n\n\n<p>Por otra parte, en la&nbsp;<strong>\u201cma\u00f1anera\u201d<\/strong>&nbsp;del mi\u00e9rcoles seis de diciembre el presidente L\u00f3pez Obrador destroz\u00f3 la reputaci\u00f3n y el honor de los seis estudiantes que fueron torturados y masacrados por la delincuencia organizada en el Estado de&nbsp;<strong>Guanajuato<\/strong>.<\/p>\n\n\n\n<p>El presidente explic\u00f3 a todo el pa\u00eds, -a trav\u00e9s de su&nbsp;<strong>\u201cma\u00f1anera\u201d<\/strong>-, que estos j\u00f3venes fueron&nbsp;<strong>secuestrados&nbsp;<\/strong>al ir a comprar droga en el lugar equivocado.<\/p>\n\n\n\n<p>El presidente reconoci\u00f3 despu\u00e9s de haberlos se\u00f1alado como consumidores de droga que era una apreciaci\u00f3n&nbsp;<strong>hipot\u00e9tica<\/strong>. Sin embargo, la etiqueta ya fue puesta, lo cual compromete la reputaci\u00f3n de cada uno de ellos ahora que ya no viven y no pueden defenderse. Adem\u00e1s, lastima a sus familias y amigos.&nbsp;<strong>\u00bfY la presunci\u00f3n de inocencia?<\/strong><\/p>\n\n\n\n<p>Que desde la c\u00faspide del poder pol\u00edtico de nuestro&nbsp;<strong>pa\u00eds&nbsp;<\/strong>se se\u00f1ale a un ciudadano sin sustento de forma negativa, no debe ser considerado como ejercicio de libertad de expresi\u00f3n del presidente, porque este no es un&nbsp;<strong>ciudadano com\u00fan<\/strong>. \u00c9l detenta el poder de todo el gobierno federal y pr\u00e1cticamente su influencia es determinante en todo el Estado Mexicano. Por tanto, poner en entredicho la reputaci\u00f3n y buen nombre de un ciudadano o de una&nbsp;<strong>instituci\u00f3n&nbsp;<\/strong>del \u00e1mbito civil desde \u201cla ma\u00f1anera\u201d, es un acto que puede tener consecuencias en la vida cotidiana de los se\u00f1alados, -e incluso-, ponerlos en&nbsp;<strong>situaci\u00f3n&nbsp;<\/strong>de riesgo, o por lo menos sujetos al linchamiento medi\u00e1tico y al escarnio p\u00fablico.<\/p>\n\n\n\n<p>El derecho a la libertad de expresi\u00f3n naci\u00f3 como una respuesta para generar contrapeso a favor del ciudadano en contra del ejercicio del&nbsp;<strong>poder gubernamental&nbsp;<\/strong>y&nbsp;<strong>pol\u00edtico<\/strong>. Por tanto, quien gobierna no necesita apelar a este derecho para ejercer la libertad de expresi\u00f3n, porque por s\u00ed mismo tiene la capacidad de avasallar a la&nbsp;<strong>ciudadan\u00eda&nbsp;<\/strong>e imponer su visi\u00f3n y sus intereses por encima de cualquier persona f\u00edsica o persona moral utilizando su autoridad. Hemos sido testigos de ello durante los&nbsp;<strong>\u00faltimos cinco a\u00f1os<\/strong>.<\/p>\n\n\n\n<p>Es fundamental revisar la legislaci\u00f3n referente a la<strong>&nbsp;\u201clibertad de expresi\u00f3n\u201d<\/strong>&nbsp;para evitar abusos como los que con toda&nbsp;<strong>seguridad&nbsp;<\/strong>se empezar\u00e1n a ejercer con mayor frecuencia durante la campa\u00f1a electoral.<\/p>\n\n\n\n<p>Hoy vemos que las campa\u00f1as electorales no se sustentan en&nbsp;<strong>propuestas<\/strong>, sino en actividades de desgaste, que se nutren de la difamaci\u00f3n en contra de los adversarios. Al amparo de la libertad de expresi\u00f3n los equipos de los&nbsp;<strong>candidatos&nbsp;<\/strong>pueden echar mano de&nbsp;<strong>fake news<\/strong>, mentiras y campa\u00f1as de desinformaci\u00f3n que enrarecer\u00e1n el ambiente y alimentar\u00e1n a\u00fan m\u00e1s la desconfianza ciudadana.<\/p>\n\n\n\n<p>Con difamaciones se puedes descarrilar una&nbsp;<strong>campa\u00f1a electoral<\/strong>, aunque al final se reconozca que no hab\u00eda sustento y se ofrezcan disculpas p\u00fablicas.<\/p>\n\n\n\n<p>La interpretaci\u00f3n jur\u00eddica de este derecho, -delimitando sus alcances-, ser\u00e1 determinante para proteger la vida&nbsp;<strong>democr\u00e1tica&nbsp;<\/strong>de nuestro pa\u00eds.<\/p>\n\n\n\n<h2 class=\"wp-block-heading\"><strong>TRAGEDIA EN TAMAULIPAS<\/strong><\/h2>\n\n\n\n<p>El descubrir la atrocidad sufrida en contra de un grupo de&nbsp;<strong>migrantes<\/strong>, -de paso en Tamaulipas-, debiese indignarnos. Los noticieros de televisi\u00f3n, radio y prensa han difundido el testimonio de unos ni\u00f1os&nbsp;<strong>migrantes&nbsp;<\/strong>que fueron testigos de la tortura y asesinato de uno de ellos, porque su familia no pudo pagar su rescate. Fue torturado&nbsp;<strong>cort\u00e1ndole&nbsp;<\/strong>los miembros en pedacitos, hasta causarle la muerte.<\/p>\n\n\n\n<p>Esto que debiese constituir un gran&nbsp;<strong>esc\u00e1ndalo<\/strong>, s\u00f3lo ha merecido convertirse en una noticia m\u00e1s que destaca la&nbsp;<strong>gravedad&nbsp;<\/strong>de nuestra crisis de inseguridad. Sin embargo, de ah\u00ed no pasa. La indiferencia ciudadana es la que alimenta la indiferencia&nbsp;<strong>gubernamental<\/strong>.<\/p>\n\n\n\n<p>El sentido com\u00fan nos alerta de que, -si&nbsp;<strong>recientemente&nbsp;<\/strong>acabamos de descubrirlo casualmente-, es porque ya debe estar siendo una pr\u00e1ctica com\u00fan para<strong>&nbsp;presionar emocionalmente&nbsp;<\/strong>a los grupos secuestrados y en proceso de exigir el rescate a los familiares.<\/p>\n\n\n\n<p>Esto que antes era tema de las&nbsp;<strong>pel\u00edculas de terror<\/strong>, hoy es parte de la experiencia cotidiana de muchas familias.<\/p>\n\n\n\n<p>El&nbsp;<strong>sadismo&nbsp;<\/strong>en contra de las v\u00edctimas cada vez es m\u00e1s agresivo.<\/p>\n\n\n\n<p>\u00bfY todav\u00eda este&nbsp;<strong>gobierno&nbsp;<\/strong>dice que vamos bien en&nbsp;<strong>materia&nbsp;<\/strong>de seguridad?<\/p>\n\n\n\n<p>Es evidente que mientras el presidente encabeza una patri\u00f3tica defensa de la naci\u00f3n en contra de los \u201cconservadores\u201d y los \u201c<strong>neoliberales<\/strong>\u201d, muchas familias mexicanas est\u00e1n viviendo tragedias a manos de la delincuencia organizada, agravadas por la indiferencia&nbsp;<strong>gubernamental<\/strong>.<\/p>\n\n\n\n<p>\u00bfA Usted qu\u00e9 le parece?<\/p>\n\n\n\n<p>Facebook: @Ricardo.Homs1<\/p>\n\n\n\n<p>\u201cX\u201d, (Twitter): @homsricardo<\/p>\n\n\n\n<p>Linkedin: Ricardo Homs<\/p>\n\n\n\n<p><a href=\"http:\/\/www.ricardohoms.com\/\" target=\"_blank\" rel=\"noreferrer noopener\">www.ricardohoms.com<\/a><\/p>\n","protected":false},"excerpt":{"rendered":"<p>Ricard Homs El tema de la libertad de expresi\u00f3n es urgente definirlo&nbsp;jur\u00eddicamente&nbsp;antes de las pr\u00f3ximas&nbsp;campa\u00f1as electorales&nbsp;del 2024. Dos casos espec\u00edficos nos dan una llamada de alerta de la necesidad de un an\u00e1lisis profundo, objetivo y no subjetivo. La interpretaci\u00f3n de la&nbsp;difamaci\u00f3n&nbsp;como delito no puede ser subjetiva, sino objetiva. El primer caso que puede servirnos como [&hellip;]<\/p>\n","protected":false},"author":18,"featured_media":48003,"comment_status":"open","ping_status":"open","sticky":false,"template":"","format":"standard","meta":{"_monsterinsights_skip_tracking":false,"_monsterinsights_sitenote_active":false,"_monsterinsights_sitenote_note":"","_monsterinsights_sitenote_category":0,"footnotes":""},"categories":[246],"tags":[173],"class_list":["post-132506","post","type-post","status-publish","format-standard","has-post-thumbnail","hentry","category-ricardo-homs","tag-ricardo-homs","wp-image-borders"],"amp_enabled":true,"_links":{"self":[{"href":"https:\/\/nvnoticias.mx\/index.php\/wp-json\/wp\/v2\/posts\/132506","targetHints":{"allow":["GET"]}}],"collection":[{"href":"https:\/\/nvnoticias.mx\/index.php\/wp-json\/wp\/v2\/posts"}],"about":[{"href":"https:\/\/nvnoticias.mx\/index.php\/wp-json\/wp\/v2\/types\/post"}],"author":[{"embeddable":true,"href":"https:\/\/nvnoticias.mx\/index.php\/wp-json\/wp\/v2\/users\/18"}],"replies":[{"embeddable":true,"href":"https:\/\/nvnoticias.mx\/index.php\/wp-json\/wp\/v2\/comments?post=132506"}],"version-history":[{"count":1,"href":"https:\/\/nvnoticias.mx\/index.php\/wp-json\/wp\/v2\/posts\/132506\/revisions"}],"predecessor-version":[{"id":132507,"href":"https:\/\/nvnoticias.mx\/index.php\/wp-json\/wp\/v2\/posts\/132506\/revisions\/132507"}],"wp:featuredmedia":[{"embeddable":true,"href":"https:\/\/nvnoticias.mx\/index.php\/wp-json\/wp\/v2\/media\/48003"}],"wp:attachment":[{"href":"https:\/\/nvnoticias.mx\/index.php\/wp-json\/wp\/v2\/media?parent=132506"}],"wp:term":[{"taxonomy":"category","embeddable":true,"href":"https:\/\/nvnoticias.mx\/index.php\/wp-json\/wp\/v2\/categories?post=132506"},{"taxonomy":"post_tag","embeddable":true,"href":"https:\/\/nvnoticias.mx\/index.php\/wp-json\/wp\/v2\/tags?post=132506"}],"curies":[{"name":"wp","href":"https:\/\/api.w.org\/{rel}","templated":true}]}}