{"id":132459,"date":"2023-12-13T07:30:00","date_gmt":"2023-12-13T13:30:00","guid":{"rendered":"https:\/\/nvnoticias.mx\/?p=132459"},"modified":"2023-12-13T08:41:47","modified_gmt":"2023-12-13T14:41:47","slug":"prueba-pisa-2023","status":"publish","type":"post","link":"https:\/\/nvnoticias.mx\/index.php\/2023\/12\/13\/prueba-pisa-2023\/","title":{"rendered":"Prueba PISA 2023"},"content":{"rendered":"\n<p><strong>Jorge Luis Malpica Ortiz<\/strong><\/p>\n\n\n\n<p>La semana pasada se dieron conocer los resultados de la prueba PISA 2023, realizada por la Organizaci\u00f3n para el Desarrollo y la Cooperaci\u00f3n Econ\u00f3mica (OCDE), organismo internacional cuya misi\u00f3n es dise\u00f1ar mejores pol\u00edticas p\u00fablicas que buscan favorecer la prosperidad, la igualdad, las oportunidades y el bienestar para todas las personas de los pa\u00edses que lo componen, del cual M\u00e9xico forma parte.<\/p>\n\n\n\n<p>Antes de entrar a ver los resultados de nuestro pa\u00eds en esta prueba, que fueron bastante malos por cierto, veamos en qu\u00e9 consiste la prueba PISA, para qu\u00e9 sirve y cada cu\u00e1nto se realiza. La evaluaci\u00f3n PISA se realiza cada tres a\u00f1os, con el objeto de valorar el alcance de las metas educativas propuestas por la OCDE. Se concentra en la evaluaci\u00f3n de tres \u00e1reas: competencia lectora, competencia matem\u00e1tica y competencia cient\u00edfica. &nbsp;<\/p>\n\n\n\n<p>Seg\u00fan la CNN en su versi\u00f3n en espa\u00f1ol, Los estudiantes de 15 a\u00f1os en M\u00e9xico tuvieron su peor desempe\u00f1o en matem\u00e1ticas desde 2006, materia que reprobaron junto a ciencias y lectura. Los resultados publicados hace ocho d\u00edas, que corresponden a la evaluaci\u00f3n de 2022, reflejan el rezago educativo que padece M\u00e9xico desde hace diez a\u00f1os. El pa\u00eds se encuentra en la posici\u00f3n 51 de los 81 pa\u00edses evaluados. Matem\u00e1ticas fue la materia en la que sufri\u00f3 la mayor ca\u00edda en el desempe\u00f1o de los estudiantes mexicanos. Obtuvieron una puntuaci\u00f3n de 395, seg\u00fan el reporte, 14 puntos menos que en 2018 cuando se realiz\u00f3 la \u00faltima prueba PISA antes de la pandemia del covid-19.<\/p>\n\n\n\n<p>La Secretar\u00eda de Educaci\u00f3n P\u00fablica (SEP) enseguida sali\u00f3 a dar su posicionamiento \u201cel contexto de los resultados de estas pruebas, como las condiciones socioecon\u00f3micas y culturales de cada pa\u00eds para evitar interpretaciones reduccionistas\u2026 Las pruebas internacionales estandarizadas no consideran las condiciones reales en las que se desarrolla el trabajo docente, as\u00ed como los procesos situados de la ense\u00f1anza y los aprendizajes en las aulas de los distintos pa\u00edses&#8221;. Estos son argumentos balad\u00eds dado que pa\u00edses considerados de primer mundo como Alemania, Canad\u00e1 y Los Estados Unidos salieron muy mal evaluados; y pa\u00edses latinoamericanos como Rep\u00fablica Dominica y Panam\u00e1 tuvieron muy buenos resultados con relaci\u00f3n a sus desempe\u00f1os anteriores.<\/p>\n\n\n\n<p>Jorge Silva, economista del CIDE y analista de <strong>nvnoticias.mx<\/strong>, describe muy bien lo que est\u00e1 pasando en nuestro pa\u00eds <em>\u201cEl sistema educativo est\u00e1 en terapia intensiva. As\u00ed lo demuestra la prueba PISA donde ubica a M\u00e9xico como un pa\u00eds con rezagos y problemas estructurales de educaci\u00f3n. La prueba es una herramienta t\u00e9cnica aplicada a pa\u00edses sin distingo de reg\u00edmenes pol\u00edticos; sirve de par\u00e1metro, de referencia, pero, sobre todo, de sistema de correcci\u00f3n. La pol\u00edtica p\u00fablica es c\u00edclica, y para que cumpla su funci\u00f3n se debe evaluar, corregir y volver a aplicar. Sino cumple con esto, se vuelve una pol\u00edtica de adorno que puede ser borrada de la conversaci\u00f3n p\u00fablica. Evitemos esto y enfoqu\u00e9monos en lo que debemos corregir y ponerlo en la conversaci\u00f3n publica con datos.\u201d<\/em><\/p>\n\n\n\n<p>Por su parte, el presidente de M\u00e9xico, Andr\u00e9s Manuel L\u00f3pez Obrador, para no variar, desestim\u00f3 los resultados de PISA y dijo que \u201c<em>nosotros no los tomamos en cuenta porque todos esos par\u00e1metros se crearon en la \u00e9poca del neoliberalismo, del predominio del periodo neoliberal, en donde lo que quer\u00edan era impulsar supuestamente la calidad de la ense\u00f1anza, la excelencia y desaparecer la educaci\u00f3n p\u00fablica, degrad\u00e1ndola\u201d.<\/em><\/p>\n\n\n\n<p>Incre\u00edbles las declaraciones del presidente L\u00f3pez Obrador en este sentido, porque, en primera instancia, nada tiene que ver el per\u00edodo \u201cneoliberal\u201d, como \u00e9l peyorativamente lo menciona, en la realizaci\u00f3n de esta prueba. Como ya lo vimos, la evaluaci\u00f3n la lleva a cabo un organismo internacional que es la OCDE, el cual adhiere a pa\u00edses con distintos reg\u00edmenes ideol\u00f3gicos. No caigamos en el enga\u00f1o que nos quieran hacer ver que esta prueba fue realizada por los gobiernos anteriores del PAN y del PRI que tanto detesta el presidente y que pr\u00e1cticamente a diario los llama del per\u00edodo neoliberal en su rueda de prensa ma\u00f1anera.<\/p>\n\n\n\n<p>Lo verdaderamente importante de estas evaluaciones es tomarlas como referente, como bien lo mencion\u00f3 Jorge Silva, porque s\u00f3lo as\u00ed sabremos el qu\u00e9 y el c\u00f3mo salir adelante de este tremendo rezago educativo en el que estamos. No olvidemos que la educaci\u00f3n es el motor para el desarrollo y la evoluci\u00f3n de cualquier sociedad. Hagamos algo por nuestras futuras generaciones.<\/p>\n","protected":false},"excerpt":{"rendered":"<p>Jorge Luis Malpica Ortiz La semana pasada se dieron conocer los resultados de la prueba PISA 2023, realizada por la Organizaci\u00f3n para el Desarrollo y la Cooperaci\u00f3n Econ\u00f3mica (OCDE), organismo internacional cuya misi\u00f3n es dise\u00f1ar mejores pol\u00edticas p\u00fablicas que buscan favorecer la prosperidad, la igualdad, las oportunidades y el bienestar para todas las personas de [&hellip;]<\/p>\n","protected":false},"author":27,"featured_media":132466,"comment_status":"open","ping_status":"open","sticky":false,"template":"","format":"standard","meta":{"_monsterinsights_skip_tracking":false,"_monsterinsights_sitenote_active":false,"_monsterinsights_sitenote_note":"","_monsterinsights_sitenote_category":0,"footnotes":""},"categories":[243],"tags":[363],"class_list":["post-132459","post","type-post","status-publish","format-standard","has-post-thumbnail","hentry","category-purgatorio","tag-jorge-luis-malpica-ortiz","wp-image-borders"],"amp_enabled":true,"_links":{"self":[{"href":"https:\/\/nvnoticias.mx\/index.php\/wp-json\/wp\/v2\/posts\/132459","targetHints":{"allow":["GET"]}}],"collection":[{"href":"https:\/\/nvnoticias.mx\/index.php\/wp-json\/wp\/v2\/posts"}],"about":[{"href":"https:\/\/nvnoticias.mx\/index.php\/wp-json\/wp\/v2\/types\/post"}],"author":[{"embeddable":true,"href":"https:\/\/nvnoticias.mx\/index.php\/wp-json\/wp\/v2\/users\/27"}],"replies":[{"embeddable":true,"href":"https:\/\/nvnoticias.mx\/index.php\/wp-json\/wp\/v2\/comments?post=132459"}],"version-history":[{"count":2,"href":"https:\/\/nvnoticias.mx\/index.php\/wp-json\/wp\/v2\/posts\/132459\/revisions"}],"predecessor-version":[{"id":132484,"href":"https:\/\/nvnoticias.mx\/index.php\/wp-json\/wp\/v2\/posts\/132459\/revisions\/132484"}],"wp:featuredmedia":[{"embeddable":true,"href":"https:\/\/nvnoticias.mx\/index.php\/wp-json\/wp\/v2\/media\/132466"}],"wp:attachment":[{"href":"https:\/\/nvnoticias.mx\/index.php\/wp-json\/wp\/v2\/media?parent=132459"}],"wp:term":[{"taxonomy":"category","embeddable":true,"href":"https:\/\/nvnoticias.mx\/index.php\/wp-json\/wp\/v2\/categories?post=132459"},{"taxonomy":"post_tag","embeddable":true,"href":"https:\/\/nvnoticias.mx\/index.php\/wp-json\/wp\/v2\/tags?post=132459"}],"curies":[{"name":"wp","href":"https:\/\/api.w.org\/{rel}","templated":true}]}}