{"id":132410,"date":"2023-12-12T12:30:32","date_gmt":"2023-12-12T18:30:32","guid":{"rendered":"https:\/\/nvnoticias.mx\/?p=132410"},"modified":"2023-12-12T12:30:32","modified_gmt":"2023-12-12T18:30:32","slug":"subiran-en-2024-los-creditos-vsm-que-no-cambien-a-pesos","status":"publish","type":"post","link":"https:\/\/nvnoticias.mx\/index.php\/2023\/12\/12\/subiran-en-2024-los-creditos-vsm-que-no-cambien-a-pesos\/","title":{"rendered":"Subir\u00e1n en 2024 los cr\u00e9ditos VSM que no cambien a pesos"},"content":{"rendered":"\n<p><strong>Jes\u00fas Utrilla \/ NV Noticias <\/strong><\/p>\n\n\n\n<p>Diciembre constituye la \u00faltima oportunidad para que aquellos que aun tienen un cr\u00e9dito vigente con el Infonavit no vean incrementada su deuda, se\u00f1al\u00f3 Sergio Lavalle Garc\u00e9s, presidente de la Asociaci\u00f3n Mexicana de Profesionales Inmobiliarios (AMPI) de Veracruz.<\/p>\n\n\n\n<p>Record\u00f3 que a partir de enero los montos se ajustar\u00e1n para aquellos que mantengan su deuda en veces salarios m\u00ednimos, por ello recomend\u00f3 convertirla a pesos, de tal manera que la tasa de inter\u00e9s y monto global de la deuda se quede igual hasta que sea saldada. <\/p>\n\n\n\n<p>Tambi\u00e9n sugiri\u00f3 ocupar los ingresos extras que se tienen en diciembre para saldar deudas pendientes de los cr\u00e9ditos hipotecarios, a fin de prevenir problemas a futuro. <\/p>\n\n\n\n<blockquote class=\"wp-block-quote is-layout-flow wp-block-quote-is-layout-flow\"><p><em>\u201cA partir de enero del 2024, se avecina un cambio en el saldo de la deuda con el Infonavit. Es hora de hacer el cambio antes de que se ajusten las deudas a la inflaci\u00f3n en enero de 2024. Tambi\u00e9n es recomendable que quienes tienen mensualidades atrasadas ocupen el aguinaldo y esos ingresos adicionales que se llegan a tener a finales de a\u00f1o para ponerse al corriente\u201d. <\/em><\/p><\/blockquote>\n\n\n\n<p>Cabe mencionar que de acuerdo a datos del Infonavit, en el estado, 33 mil trabajadores de los 100 mil que adquirieron un cr\u00e9dito en Veces Salario M\u00ednimo optaron por el programa  &#8220;Responsabilidad Compartida&#8221;, para reducir montos a pagar o acortar plazos de pago. <\/p>\n\n\n\n<p>Lavalle Garc\u00e9s insisti\u00f3 en que a\u00fan hay tiempo para no ver incrementada la deuda y para planificar en que se gastar\u00e1 el aguinaldo y las entradas adicionales de recursos que los trabajadores puedan tener en las siguientes semanas.<\/p>\n\n\n\n<blockquote class=\"wp-block-quote is-layout-flow wp-block-quote-is-layout-flow\"><p><em>\u201cEstamos muy a tiempo o de convertir la deuda del Infonavit o de establecer un plan de gastos prioritarios. Muchas veces nos dejamos llevar por la emoci\u00f3n de las fiestas navide\u00f1as y no guardamos nada de de dinero adicional que llegamos a recibir. Es importante que tambi\u00e9n tratemos de destinar los ingresos extra al pago de esa deuda\u201d.<\/em><\/p><\/blockquote>\n\n\n\n<p>Cabe mencionar que m\u00e1s de 60 mil veracruzanos tendr\u00e1n un incremento en la deuda que mantienen con el Infonavit por no hacer el cambio de veces salario m\u00ednimo a pesos, de acuerdo a informaci\u00f3n de la instituci\u00f3n.<\/p>\n","protected":false},"excerpt":{"rendered":"<p>Jes\u00fas Utrilla \/ NV Noticias Diciembre constituye la \u00faltima oportunidad para que aquellos que aun tienen un cr\u00e9dito vigente con el Infonavit no vean incrementada su deuda, se\u00f1al\u00f3 Sergio Lavalle Garc\u00e9s, presidente de la Asociaci\u00f3n Mexicana de Profesionales Inmobiliarios (AMPI) de Veracruz. Record\u00f3 que a partir de enero los montos se ajustar\u00e1n para aquellos que [&hellip;]<\/p>\n","protected":false},"author":8,"featured_media":132413,"comment_status":"open","ping_status":"open","sticky":false,"template":"","format":"standard","meta":{"_monsterinsights_skip_tracking":false,"_monsterinsights_sitenote_active":false,"_monsterinsights_sitenote_note":"","_monsterinsights_sitenote_category":0,"footnotes":""},"categories":[154],"tags":[304,303,22575],"class_list":["post-132410","post","type-post","status-publish","format-standard","has-post-thumbnail","hentry","category-veracruz","tag-credito","tag-infonavit","tag-vsm","wp-image-borders"],"amp_enabled":true,"_links":{"self":[{"href":"https:\/\/nvnoticias.mx\/index.php\/wp-json\/wp\/v2\/posts\/132410","targetHints":{"allow":["GET"]}}],"collection":[{"href":"https:\/\/nvnoticias.mx\/index.php\/wp-json\/wp\/v2\/posts"}],"about":[{"href":"https:\/\/nvnoticias.mx\/index.php\/wp-json\/wp\/v2\/types\/post"}],"author":[{"embeddable":true,"href":"https:\/\/nvnoticias.mx\/index.php\/wp-json\/wp\/v2\/users\/8"}],"replies":[{"embeddable":true,"href":"https:\/\/nvnoticias.mx\/index.php\/wp-json\/wp\/v2\/comments?post=132410"}],"version-history":[{"count":1,"href":"https:\/\/nvnoticias.mx\/index.php\/wp-json\/wp\/v2\/posts\/132410\/revisions"}],"predecessor-version":[{"id":132414,"href":"https:\/\/nvnoticias.mx\/index.php\/wp-json\/wp\/v2\/posts\/132410\/revisions\/132414"}],"wp:featuredmedia":[{"embeddable":true,"href":"https:\/\/nvnoticias.mx\/index.php\/wp-json\/wp\/v2\/media\/132413"}],"wp:attachment":[{"href":"https:\/\/nvnoticias.mx\/index.php\/wp-json\/wp\/v2\/media?parent=132410"}],"wp:term":[{"taxonomy":"category","embeddable":true,"href":"https:\/\/nvnoticias.mx\/index.php\/wp-json\/wp\/v2\/categories?post=132410"},{"taxonomy":"post_tag","embeddable":true,"href":"https:\/\/nvnoticias.mx\/index.php\/wp-json\/wp\/v2\/tags?post=132410"}],"curies":[{"name":"wp","href":"https:\/\/api.w.org\/{rel}","templated":true}]}}