{"id":13233,"date":"2021-05-13T16:09:16","date_gmt":"2021-05-13T21:09:16","guid":{"rendered":"https:\/\/nvnoticias.mx\/?p=13233"},"modified":"2021-05-13T16:09:17","modified_gmt":"2021-05-13T21:09:17","slug":"invita-imss-veracruz-norte-a-evitar-sobrepeso-y-obesidad-en-menores-de-edad","status":"publish","type":"post","link":"https:\/\/nvnoticias.mx\/index.php\/2021\/05\/13\/invita-imss-veracruz-norte-a-evitar-sobrepeso-y-obesidad-en-menores-de-edad\/","title":{"rendered":"Invita IMSS Veracruz Norte a evitar sobrepeso y obesidad en menores de edad"},"content":{"rendered":"\n<p>La Oficina de Representaci\u00f3n en Veracruz Norte del Instituto Mexicano del Seguro Social (IMSS) invita a la poblaci\u00f3n en general a vigilar la alimentaci\u00f3n de los menores a fin de evitar el sobrepeso y la obesidad en edades tempranas.<\/p>\n\n\n\n<p>En este sentido, la obesidad infantil se asocia a una mayor probabilidad de discapacidad y deceso prematuro en la edad adulta; debido a que los ni\u00f1os con obesidad tienden a ser adultos obesos son altas posibilidades de desarrollar diabetes o hipertensi\u00f3n, dijo el nutricionista dietista de la Unidad de Medicina Familiar (UMF) No. 68, Jos\u00e9 Miguel Ramos Guti\u00e9rrez.<\/p>\n\n\n\n<p>Asimismo, explic\u00f3 el especialista que, aunque la obesidad se puede deber a varios factores, la causa fundamental es el desequilibrio que existe entre la ingesta cal\u00f3rica y el gasto cal\u00f3rico, as\u00ed como el cambio diet\u00e9tico hacia un aumento de la ingesta de alimentos abundantes en grasas y az\u00facares, con escaso contenido en nutrientes saludables, como las vitaminas y los minerales.&nbsp;<\/p>\n\n\n\n<p>Por otro lado, la disminuci\u00f3n de la actividad f\u00edsica contribuye a que se aumente de peso en todas las etapas de la vida, pues est\u00e1 en tendencia creciente la vida sedentaria, mencion\u00f3 el nutricionista dietista.<\/p>\n\n\n\n<p>Adem\u00e1s del peso corporal elevado agreg\u00f3, que otros de los s\u00edntomas que los menores presentan son fatiga, somnolencia diurna o problemas de atenci\u00f3n; raz\u00f3n por la que es importante atender y prevenir el sobrepeso y la obesidad en edades tempranas a fin de tener una mejor calidad de vida en la edad adulta.<\/p>\n\n\n\n<p>Para finalizar invit\u00f3 a padres de familia y tutores a mantener a los menores ocupados con rutinas de activaci\u00f3n f\u00edsica en casa, mantener una dieta saludable, respetar horarios correctos de sue\u00f1o tanto de ni\u00f1os y adolescentes, as\u00ed como acercarse a su UMF al menos una vez por a\u00f1o para valoraci\u00f3n y orientaci\u00f3n integral.<\/p>\n","protected":false},"excerpt":{"rendered":"<p>La Oficina de Representaci\u00f3n en Veracruz Norte del Instituto Mexicano del Seguro Social (IMSS) invita a la poblaci\u00f3n en general a vigilar la alimentaci\u00f3n de los menores a fin de evitar el sobrepeso y la obesidad en edades tempranas. En este sentido, la obesidad infantil se asocia a una mayor probabilidad de discapacidad y deceso [&hellip;]<\/p>\n","protected":false},"author":6,"featured_media":13234,"comment_status":"open","ping_status":"open","sticky":false,"template":"","format":"standard","meta":{"_monsterinsights_skip_tracking":false,"_monsterinsights_sitenote_active":false,"_monsterinsights_sitenote_note":"","_monsterinsights_sitenote_category":0,"footnotes":""},"categories":[154],"tags":[1687,880,2171,2170],"class_list":["post-13233","post","type-post","status-publish","format-standard","has-post-thumbnail","hentry","category-veracruz","tag-imss-veracruz-norte","tag-menores-de-edad","tag-obesidad","tag-sobrepeso","wp-image-borders"],"amp_enabled":true,"_links":{"self":[{"href":"https:\/\/nvnoticias.mx\/index.php\/wp-json\/wp\/v2\/posts\/13233","targetHints":{"allow":["GET"]}}],"collection":[{"href":"https:\/\/nvnoticias.mx\/index.php\/wp-json\/wp\/v2\/posts"}],"about":[{"href":"https:\/\/nvnoticias.mx\/index.php\/wp-json\/wp\/v2\/types\/post"}],"author":[{"embeddable":true,"href":"https:\/\/nvnoticias.mx\/index.php\/wp-json\/wp\/v2\/users\/6"}],"replies":[{"embeddable":true,"href":"https:\/\/nvnoticias.mx\/index.php\/wp-json\/wp\/v2\/comments?post=13233"}],"version-history":[{"count":1,"href":"https:\/\/nvnoticias.mx\/index.php\/wp-json\/wp\/v2\/posts\/13233\/revisions"}],"predecessor-version":[{"id":13235,"href":"https:\/\/nvnoticias.mx\/index.php\/wp-json\/wp\/v2\/posts\/13233\/revisions\/13235"}],"wp:featuredmedia":[{"embeddable":true,"href":"https:\/\/nvnoticias.mx\/index.php\/wp-json\/wp\/v2\/media\/13234"}],"wp:attachment":[{"href":"https:\/\/nvnoticias.mx\/index.php\/wp-json\/wp\/v2\/media?parent=13233"}],"wp:term":[{"taxonomy":"category","embeddable":true,"href":"https:\/\/nvnoticias.mx\/index.php\/wp-json\/wp\/v2\/categories?post=13233"},{"taxonomy":"post_tag","embeddable":true,"href":"https:\/\/nvnoticias.mx\/index.php\/wp-json\/wp\/v2\/tags?post=13233"}],"curies":[{"name":"wp","href":"https:\/\/api.w.org\/{rel}","templated":true}]}}