{"id":132282,"date":"2023-12-11T12:07:00","date_gmt":"2023-12-11T18:07:00","guid":{"rendered":"https:\/\/nvnoticias.mx\/?p=132282"},"modified":"2023-12-11T12:07:01","modified_gmt":"2023-12-11T18:07:01","slug":"arremete-billie-eilish-contra-variety-por-exponer-su-bisexualidad","status":"publish","type":"post","link":"https:\/\/nvnoticias.mx\/index.php\/2023\/12\/11\/arremete-billie-eilish-contra-variety-por-exponer-su-bisexualidad\/","title":{"rendered":"Arremete Billie Eilish contra Variety por exponer su bisexualidad"},"content":{"rendered":"\n<p>La cantante de veinti\u00fan a\u00f1os, tras muchos a\u00f1os manteniendo en la privacidad sus preferencias sexuales, decidi\u00f3 hablar abiertamente sobre ellas en un especial de la revista Variety el pasado mes de noviembre. Eilish habl\u00f3 por primera vez sobre su bisexualidad. Tras el ruido creado, intent\u00f3 quitarle peso a su confesi\u00f3n. Esto fue durante la alfombra roja del Variety&#8217;s Hitmakers Event, cuando Eilish volvi\u00f3 a ser preguntada por su bisexualidad y sobre si en la entrevista que ofreci\u00f3 anteriormente hab\u00eda &#8220;salido del armario&#8221;, a lo que la estrella cuestion\u00f3 todo el asunto, quit\u00e1ndole as\u00ed m\u00e1s peso a sus declaraciones. Parec\u00eda zanjar el tema con un &#8220;\u00bfNo podemos solo existir, y ya?&#8221;, pero a\u00fan aguardar\u00eda algo m\u00e1s.<\/p>\n\n\n\n<p>El tema explot\u00f3 definitivamente durante la entrega de premios posterior. Eilish subi\u00f3 al escenario y entonces arremeti\u00f3 contra la revista, a la que acus\u00f3 de haberla expuesto deliberadamente en ese tema. Por su confesi\u00f3n sexual, la artista ha perdido m\u00e1s de 100k de seguidores en Instagram por el camino. Acostumbrada a estar en el ojo del hurac\u00e1n por este tema, en la propia entrevista que ofreci\u00f3 a Variety habl\u00f3 abiertamente sobre su sexualizaci\u00f3n, su cl\u00e1sica ropa ancha y afirmando que puede ser tan sexual como quiera a veces, acompa\u00f1ado de un muy ilustrativo &#8220;Fuck You!&#8221;. Faltar\u00eda m\u00e1s.<\/p>\n\n\n\n<p><\/p>\n","protected":false},"excerpt":{"rendered":"<p>La cantante de veinti\u00fan a\u00f1os, tras muchos a\u00f1os manteniendo en la privacidad sus preferencias sexuales, decidi\u00f3 hablar abiertamente sobre ellas en un especial de la revista Variety el pasado mes de noviembre. Eilish habl\u00f3 por primera vez sobre su bisexualidad. Tras el ruido creado, intent\u00f3 quitarle peso a su confesi\u00f3n. Esto fue durante la alfombra [&hellip;]<\/p>\n","protected":false},"author":35,"featured_media":131575,"comment_status":"open","ping_status":"open","sticky":false,"template":"","format":"standard","meta":{"_monsterinsights_skip_tracking":false,"_monsterinsights_sitenote_active":false,"_monsterinsights_sitenote_note":"","_monsterinsights_sitenote_category":0,"footnotes":""},"categories":[576],"tags":[5458,6814,14570,28639],"class_list":["post-132282","post","type-post","status-publish","format-standard","has-post-thumbnail","hentry","category-ocio","tag-arremete","tag-billie-eilish","tag-bisexualidad","tag-variety","wp-image-borders"],"amp_enabled":true,"_links":{"self":[{"href":"https:\/\/nvnoticias.mx\/index.php\/wp-json\/wp\/v2\/posts\/132282","targetHints":{"allow":["GET"]}}],"collection":[{"href":"https:\/\/nvnoticias.mx\/index.php\/wp-json\/wp\/v2\/posts"}],"about":[{"href":"https:\/\/nvnoticias.mx\/index.php\/wp-json\/wp\/v2\/types\/post"}],"author":[{"embeddable":true,"href":"https:\/\/nvnoticias.mx\/index.php\/wp-json\/wp\/v2\/users\/35"}],"replies":[{"embeddable":true,"href":"https:\/\/nvnoticias.mx\/index.php\/wp-json\/wp\/v2\/comments?post=132282"}],"version-history":[{"count":1,"href":"https:\/\/nvnoticias.mx\/index.php\/wp-json\/wp\/v2\/posts\/132282\/revisions"}],"predecessor-version":[{"id":132283,"href":"https:\/\/nvnoticias.mx\/index.php\/wp-json\/wp\/v2\/posts\/132282\/revisions\/132283"}],"wp:featuredmedia":[{"embeddable":true,"href":"https:\/\/nvnoticias.mx\/index.php\/wp-json\/wp\/v2\/media\/131575"}],"wp:attachment":[{"href":"https:\/\/nvnoticias.mx\/index.php\/wp-json\/wp\/v2\/media?parent=132282"}],"wp:term":[{"taxonomy":"category","embeddable":true,"href":"https:\/\/nvnoticias.mx\/index.php\/wp-json\/wp\/v2\/categories?post=132282"},{"taxonomy":"post_tag","embeddable":true,"href":"https:\/\/nvnoticias.mx\/index.php\/wp-json\/wp\/v2\/tags?post=132282"}],"curies":[{"name":"wp","href":"https:\/\/api.w.org\/{rel}","templated":true}]}}