{"id":132261,"date":"2023-12-11T11:06:22","date_gmt":"2023-12-11T17:06:22","guid":{"rendered":"https:\/\/nvnoticias.mx\/?p=132261"},"modified":"2023-12-11T11:06:24","modified_gmt":"2023-12-11T17:06:24","slug":"hoy-comienza-la-reconstruccion-de-argentina-milei","status":"publish","type":"post","link":"https:\/\/nvnoticias.mx\/index.php\/2023\/12\/11\/hoy-comienza-la-reconstruccion-de-argentina-milei\/","title":{"rendered":"Hoy comienza la reconstrucci\u00f3n de Argentina: Milei"},"content":{"rendered":"\n<p>&#8220;\u00a1No hay plata, no hay plata!&#8221; una multitud de argentinos cant\u00f3 ayer el\u00a0mantra de Javier Milei al\u00a0saludar su llegada a la presidencia. Que miles de personas celebrasen la ausencia de dinero mientras\u00a0se anuncia un ajuste nunca antes visto y se alerta\u00a0del peligro de una hiperinflaci\u00f3n habla del giro pol\u00edtico fundamental que se vive en la tercera\u00a0econom\u00eda de Am\u00e9rica Latina.<\/p>\n\n\n\n<blockquote class=\"wp-block-quote is-layout-flow wp-block-quote-is-layout-flow\"><p>&#8220;Hoy comienza una nueva era en\u00a0Argentina, hoy damos por terminada una larga era de decadencia y declive y damos comienzo a la reconstrucci\u00f3n del pa\u00eds\u00bb, dijo el nuevo presidente en un in\u00e9dito discurso desde las escalinatas del Congreso en\u00a0el que critic\u00f3 con dureza la herencia\u00a0econ\u00f3mica del kirchnerismo tras dos\u00a0d\u00e9cadas de dominio pol\u00edtico en el\u00a0pa\u00eds.<\/p><p><\/p><p> &#8220;Hay una voluntad de cambio\u00a0que ya no tiene retorno. No hay vuelta atr\u00e1s, hoy enterramos d\u00e9cadas de\u00a0fracaso, peleas intestinas y discusiones sin sentido\u00bb, a\u00f1adi\u00f3 Milei, al tiempo que prometi\u00f3 \u00abcrecimiento, desarrollo, libertad y progreso&#8221;.<\/p><\/blockquote>\n\n\n\n<p><\/p>\n\n\n\n<p>El nuevo presidente record\u00f3 que&nbsp;Argentina fue \u00abfaro de Occidente\u00bb y&nbsp;la tierra a la que llegaban inmigrantes de todo el mundo antes de \u00ababrazar las teor\u00edas empobrecedoras del&nbsp;colectivismo\u00bb. \u00abD\u00e9jenme que sea claro en esto: ning\u00fan gobierno ha recibido una herencia peor que la que&nbsp;estamos recibiendo nosotros (\u2026). No&nbsp;existe soluci\u00f3n viable en la que se&nbsp;evite atacar al d\u00e9ficit fiscal. La soluci\u00f3n implica un ajuste fiscal de cinco puntos del PIB en el sector p\u00fablico nacional, \u00a1que caer\u00e1 casi totalmente sobre el Estado, y no sobre el sector privado!\u00bb, grit\u00f3 Milei ante una&nbsp;multitud euf\u00f3rica.<\/p>\n\n\n\n<p>Fiel a sus modos disruptivos, Milei, de 53 a\u00f1os, se limit\u00f3 a jurar su cargo ante la Asamblea Legislativa y no\u00a0dio el habitual discurso ante los diputados y senadores. Tras un pedido a los legisladores para que per\u00a0manecieran en sus bancas, Milei y la nueva vicepresidenta, Victoria Villarruel, se dirigieron a las escalinatas del Palacio del\u00a0Congreso. Su discurso fue\u00a0seguido en primera fila, a\u00a0la derecha de Milei, por el\u00a0Rey Felipe VI, uno de los\u00a0jefes de Estado presentes\u00a0en Buenos Aires.<\/p>\n\n\n\n<p>Fuente: <a href=\"https:\/\/www.milenio.com\/internacional\/javier-milei-hoy-comienza-la-reconstruccion-de-argentina\" data-type=\"URL\" data-id=\"https:\/\/www.milenio.com\/internacional\/javier-milei-hoy-comienza-la-reconstruccion-de-argentina\">Milenio<\/a><br><\/p>\n","protected":false},"excerpt":{"rendered":"<p>&#8220;\u00a1No hay plata, no hay plata!&#8221; una multitud de argentinos cant\u00f3 ayer el\u00a0mantra de Javier Milei al\u00a0saludar su llegada a la presidencia. Que miles de personas celebrasen la ausencia de dinero mientras\u00a0se anuncia un ajuste nunca antes visto y se alerta\u00a0del peligro de una hiperinflaci\u00f3n habla del giro pol\u00edtico fundamental que se vive en la [&hellip;]<\/p>\n","protected":false},"author":35,"featured_media":117634,"comment_status":"open","ping_status":"open","sticky":false,"template":"","format":"standard","meta":{"_monsterinsights_skip_tracking":false,"_monsterinsights_sitenote_active":false,"_monsterinsights_sitenote_note":"","_monsterinsights_sitenote_category":0,"footnotes":""},"categories":[181],"tags":[259,27223,7756],"class_list":["post-132261","post","type-post","status-publish","format-standard","has-post-thumbnail","hentry","category-internacional","tag-argentina","tag-javier-milei","tag-reconstruccion","wp-image-borders"],"amp_enabled":true,"_links":{"self":[{"href":"https:\/\/nvnoticias.mx\/index.php\/wp-json\/wp\/v2\/posts\/132261","targetHints":{"allow":["GET"]}}],"collection":[{"href":"https:\/\/nvnoticias.mx\/index.php\/wp-json\/wp\/v2\/posts"}],"about":[{"href":"https:\/\/nvnoticias.mx\/index.php\/wp-json\/wp\/v2\/types\/post"}],"author":[{"embeddable":true,"href":"https:\/\/nvnoticias.mx\/index.php\/wp-json\/wp\/v2\/users\/35"}],"replies":[{"embeddable":true,"href":"https:\/\/nvnoticias.mx\/index.php\/wp-json\/wp\/v2\/comments?post=132261"}],"version-history":[{"count":1,"href":"https:\/\/nvnoticias.mx\/index.php\/wp-json\/wp\/v2\/posts\/132261\/revisions"}],"predecessor-version":[{"id":132262,"href":"https:\/\/nvnoticias.mx\/index.php\/wp-json\/wp\/v2\/posts\/132261\/revisions\/132262"}],"wp:featuredmedia":[{"embeddable":true,"href":"https:\/\/nvnoticias.mx\/index.php\/wp-json\/wp\/v2\/media\/117634"}],"wp:attachment":[{"href":"https:\/\/nvnoticias.mx\/index.php\/wp-json\/wp\/v2\/media?parent=132261"}],"wp:term":[{"taxonomy":"category","embeddable":true,"href":"https:\/\/nvnoticias.mx\/index.php\/wp-json\/wp\/v2\/categories?post=132261"},{"taxonomy":"post_tag","embeddable":true,"href":"https:\/\/nvnoticias.mx\/index.php\/wp-json\/wp\/v2\/tags?post=132261"}],"curies":[{"name":"wp","href":"https:\/\/api.w.org\/{rel}","templated":true}]}}