{"id":132148,"date":"2023-12-09T16:24:00","date_gmt":"2023-12-09T22:24:00","guid":{"rendered":"https:\/\/nvnoticias.mx\/?p=132148"},"modified":"2023-12-10T06:26:37","modified_gmt":"2023-12-10T12:26:37","slug":"acuerdan-venezuela-y-guyana-reunion-de-altos-mandos-para-tratar-disputa-territorial","status":"publish","type":"post","link":"https:\/\/nvnoticias.mx\/index.php\/2023\/12\/09\/acuerdan-venezuela-y-guyana-reunion-de-altos-mandos-para-tratar-disputa-territorial\/","title":{"rendered":"Acuerdan Venezuela y Guyana reuni\u00f3n de altos mandos para tratar disputa territorial"},"content":{"rendered":"\n<p class=\"wp-block-paragraph\">El\u00a0Gobierno de Venezuela\u00a0anunci\u00f3 este s\u00e1bado que &#8220;en los pr\u00f3ximos d\u00edas&#8221; celebrar\u00e1\u00a0<strong>una reuni\u00f3n de alto nivel\u00a0<\/strong>con el\u00a0<strong>Ejecutivo de Guyana<\/strong>\u00a0para abordar el\u00a0litigio territorial\u00a0entre ambos pa\u00edses, atendiendo propuestas hechas por el mandatario brasile\u00f1o,\u00a0<strong>Luiz In\u00e1cio Lula da Silva<\/strong>, y la\u00a0<strong>Comunidad de Estados Latinoamericanos y del Caribe\u00a0<\/strong>(Celac).<\/p>\n\n\n\n<p class=\"wp-block-paragraph\">En un comunicado,\u00a0<strong>Caracas<\/strong>\u00a0inform\u00f3 en ese sentido de recientes conversaciones del presidente\u00a0<strong>Nicol\u00e1s Maduro\u00a0<\/strong>con\u00a0<strong>Lula da Silva<\/strong>, as\u00ed como con el primer ministro de San Vicente y las Granadinas,\u00a0<strong>Ralph Gonsalves<\/strong>\u00a0-quien ocupa la Presidencia de la Celac-, y el secretario general de la\u00a0<strong>Organizaci\u00f3n de Naciones Unidas<\/strong>\u00a0(ONU),\u00a0<strong>Ant\u00f3nio Guterres<\/strong>.<\/p>\n\n\n\n<blockquote class=\"wp-block-quote is-layout-flow wp-block-quote-is-layout-flow\"><p>&#8220;En dichas conversaciones se recibi\u00f3 la propuesta de realizar una reuni\u00f3n de alto nivel con<strong>&nbsp;Guyana<\/strong>, que ser\u00e1 anunciada en los pr\u00f3ximos d\u00edas, con el fin de preservar nuestra aspiraci\u00f3n de mantener Am\u00e9rica Latina y el Caribe como una zona de paz, sin interferencia de actores externos&#8221;, reza el comunicado.<\/p><\/blockquote>\n\n\n\n<p class=\"wp-block-paragraph\"><strong>Venezuela<\/strong>, que el domingo pasado aprob\u00f3 en un referendo unilateral anexionarse la zona en litigio, ha asumido la convocatoria a esta reuni\u00f3n&nbsp;<strong>&#8220;con benepl\u00e1cito y compromiso&#8221;<\/strong>.<\/p>\n\n\n\n<p class=\"wp-block-paragraph\">En el escrito tambi\u00e9n se se\u00f1ala que, en las conversaciones con&nbsp;<strong>Lula da Silva<\/strong>&nbsp;y&nbsp;<strong>Gonsalves<\/strong>, Maduro ratific\u00f3 &#8220;la posici\u00f3n hist\u00f3rica sobre los incuestionables derechos&#8221; de Venezuela sobre la Guayana Esequiba, el \u00e1rea de casi&nbsp;<strong>160 mil kil\u00f3metros cuadrados en disputa<\/strong>, controlada por Georgetown.<\/p>\n\n\n\n<p class=\"wp-block-paragraph\">Sobre la conversaci\u00f3n con Guterres, el texto indica que el secretario general de la ONU &#8220;se comprometi\u00f3 en impulsar los esfuerzos en favor del di\u00e1logo directo entre las partes&#8221; y &#8220;record\u00f3 que siempre ha ofrecido sus buenos oficios para la soluci\u00f3n de la controversia&#8221;, que data del&nbsp;<strong>siglo XIX<\/strong>.<\/p>\n\n\n\n<p class=\"wp-block-paragraph\">Este pleito ha cobrado vigor desde&nbsp;<strong>2018<\/strong>, en vista de la admisi\u00f3n del caso por parte de la&nbsp;<strong>Corte Internacional de Justicia&nbsp;<\/strong>(CIJ), que ha pedido a&nbsp;<strong>Venezuela<\/strong>&nbsp;no completar acciones que alteren la din\u00e1mica actual sobre el \u00e1rea, administrada por Guyana.<\/p>\n\n\n\n<p class=\"wp-block-paragraph\">Sin embargo,\u00a0<strong>Maduro<\/strong>\u00a0rechaza la mediaci\u00f3n de la CIJ en este asunto, un alegato que tambi\u00e9n se vio reforzado con el referendo, en el que los venezolanos acordaron no reconocer la jurisdicci\u00f3n del tribunal internacional que, de cualquier modo, emitir\u00e1 una decisi\u00f3n vinculante para las dos naciones en los pr\u00f3ximos meses.<\/p>\n\n\n\n<p class=\"wp-block-paragraph\">Fuente: <a href=\"https:\/\/www.milenio.com\/internacional\/maduro-anuncia-reunion-guyana-tratar-disputa-territorial\">Milenio<\/a><\/p>\n","protected":false},"excerpt":{"rendered":"<p>El\u00a0Gobierno de Venezuela\u00a0anunci\u00f3 este s\u00e1bado que &#8220;en los pr\u00f3ximos d\u00edas&#8221; celebrar\u00e1\u00a0una reuni\u00f3n de alto nivel\u00a0con el\u00a0Ejecutivo de Guyana\u00a0para abordar el\u00a0litigio territorial\u00a0entre ambos pa\u00edses, atendiendo propuestas hechas por el mandatario brasile\u00f1o,\u00a0Luiz In\u00e1cio Lula da Silva, y la\u00a0Comunidad de Estados Latinoamericanos y del Caribe\u00a0(Celac). En un comunicado,\u00a0Caracas\u00a0inform\u00f3 en ese sentido de recientes conversaciones del presidente\u00a0Nicol\u00e1s Maduro\u00a0con\u00a0Lula da [&hellip;]<\/p>\n","protected":false},"author":7,"featured_media":16962,"comment_status":"open","ping_status":"open","sticky":false,"template":"","format":"standard","meta":{"_monsterinsights_skip_tracking":false,"footnotes":""},"categories":[181],"tags":[28580,1505,1540],"class_list":["post-132148","post","type-post","status-publish","format-standard","has-post-thumbnail","hentry","category-internacional","tag-guyana","tag-nicolas-maduro","tag-venezuela","wp-image-borders"],"amp_enabled":true,"_links":{"self":[{"href":"https:\/\/nvnoticias.mx\/index.php\/wp-json\/wp\/v2\/posts\/132148","targetHints":{"allow":["GET"]}}],"collection":[{"href":"https:\/\/nvnoticias.mx\/index.php\/wp-json\/wp\/v2\/posts"}],"about":[{"href":"https:\/\/nvnoticias.mx\/index.php\/wp-json\/wp\/v2\/types\/post"}],"author":[{"embeddable":true,"href":"https:\/\/nvnoticias.mx\/index.php\/wp-json\/wp\/v2\/users\/7"}],"replies":[{"embeddable":true,"href":"https:\/\/nvnoticias.mx\/index.php\/wp-json\/wp\/v2\/comments?post=132148"}],"version-history":[{"count":1,"href":"https:\/\/nvnoticias.mx\/index.php\/wp-json\/wp\/v2\/posts\/132148\/revisions"}],"predecessor-version":[{"id":132149,"href":"https:\/\/nvnoticias.mx\/index.php\/wp-json\/wp\/v2\/posts\/132148\/revisions\/132149"}],"wp:featuredmedia":[{"embeddable":true,"href":"https:\/\/nvnoticias.mx\/index.php\/wp-json\/wp\/v2\/media\/16962"}],"wp:attachment":[{"href":"https:\/\/nvnoticias.mx\/index.php\/wp-json\/wp\/v2\/media?parent=132148"}],"wp:term":[{"taxonomy":"category","embeddable":true,"href":"https:\/\/nvnoticias.mx\/index.php\/wp-json\/wp\/v2\/categories?post=132148"},{"taxonomy":"post_tag","embeddable":true,"href":"https:\/\/nvnoticias.mx\/index.php\/wp-json\/wp\/v2\/tags?post=132148"}],"curies":[{"name":"wp","href":"https:\/\/api.w.org\/{rel}","templated":true}]}}