{"id":132084,"date":"2023-12-08T15:04:52","date_gmt":"2023-12-08T21:04:52","guid":{"rendered":"https:\/\/nvnoticias.mx\/?p=132084"},"modified":"2023-12-08T15:04:54","modified_gmt":"2023-12-08T21:04:54","slug":"revela-taylor-swift-como-empezo-su-historia-de-amor-con-travis-kelce","status":"publish","type":"post","link":"https:\/\/nvnoticias.mx\/index.php\/2023\/12\/08\/revela-taylor-swift-como-empezo-su-historia-de-amor-con-travis-kelce\/","title":{"rendered":"Revela Taylor Swift c\u00f3mo empez\u00f3 su historia de amor con Travis Kelce"},"content":{"rendered":"\n<p><strong>Taylor Swift<\/strong>\u00a0se ha caracterizado por mantener ciertos aspectos de su vida personal en privado. No obstante, luego de ser nombrada la Persona del A\u00f1o por la revista\u00a0<strong>TIME<\/strong>,\u00a0la cantante estadounidense se sincer\u00f3 sobre algunos momentos\u00a0que marcaron su carrera y su romance con\u00a0<strong>Travis Kelce<\/strong>.<\/p>\n\n\n\n<p>Las noticias sobre la relaci\u00f3n entre la cantante y el deportista comenzaron desde septiembre. Y pese a que\u00a0la pareja decidi\u00f3 mantener los detalles en privado, recientemente,\u00a0Swift declar\u00f3 que ambos comenzaron a salir de antes de su primera aparici\u00f3n p\u00fablica, por lo cual tuvieron tiempo para conocerse lejos de los reflectores.<\/p>\n\n\n\n<blockquote class=\"wp-block-quote is-layout-flow wp-block-quote-is-layout-flow\"><p>\u201cTodo esto comenz\u00f3 cuando Travis, de manera muy adorable, habl\u00f3 de m\u00ed en su p\u00f3dcast. Empezamos a salir justo despu\u00e9s de eso. De hecho, pasamos una cantidad significativa de tiempo sin que nadie supiera, de lo cual estoy agradecida, porque pudimos conocernos el uno al otro\u201d, asegur\u00f3 en una entrevista con\u00a0TIME.<\/p><\/blockquote>\n\n\n\n<p>Famosa por ser discreta,&nbsp;Swift y su entorno mantuvieron en secreto la relaci\u00f3n, la cual se dio a partir que el jugador de los&nbsp;<strong>Kansas City Chiefs,&nbsp;<\/strong>durante el concierto en el Arrowhead Stadium en julio, trat\u00f3 entregarle un brazalete de la amistad con su n\u00famero de tel\u00e9fono. Su intento fracas\u00f3, pero la cantante lo supo.&nbsp;<\/p>\n\n\n\n<blockquote class=\"wp-block-quote is-layout-flow wp-block-quote-is-layout-flow\"><p>\u201cNunca ser\u00edamos tan psic\u00f3ticos como para forzar una primera cita en un evento p\u00fablico\u201d, cont\u00f3 la autora de &#8216;Karma&#8217;, &#8216;Look what you made me do&#8217;, &#8216;Bad Blood&#8217;, entre otros \u00e9xitos. \u201cCuando dices que una relaci\u00f3n es p\u00fablica, eso significa que voy a verle hacer lo que le gusta, nos estamos mostrando para el otro, otras personas est\u00e1n all\u00ed y no nos importa\u201d, puntualiz\u00f3.<\/p><\/blockquote>\n\n\n\n<p>La primera vez que la artista asisti\u00f3 a un partido de&nbsp;<strong>NFL&nbsp;<\/strong>fue en septiembre, con lo que se convirti\u00f3 en blanco de los medios que especularon sobre la supuesta &#8220;primera cita de la pareja&#8221;. Pero la popular artista aclar\u00f3 que en ese momento ya ten\u00edan tiempo saliendo.&nbsp;\u201cCuando fui al primer partido, ya \u00e9ramos pareja. Creo que algunas personas piensan que vieron nuestra primera cita en ese juego\u201d.&nbsp;<\/p>\n\n\n\n<p>Finalmente, Taylor Swift comparti\u00f3 la forma en la que han demostrado su relaci\u00f3n y los\u00a0sentimientos que los fortalecieron como pareja. &#8220;Tienes que esforzarte mucho para que nadie sepa que est\u00e1s saliendo con alguien. Y estamos orgullosos el uno del otro\u201d, coment\u00f3.<\/p>\n\n\n\n<p>Fuente:<a href=\"https:\/\/www.record.com.mx\/empelotados\/taylor-swift-revelo-como-empezo-su-historia-de-amor-con-travis-kelce\" data-type=\"URL\" data-id=\"https:\/\/www.record.com.mx\/empelotados\/taylor-swift-revelo-como-empezo-su-historia-de-amor-con-travis-kelce\"> Record<\/a><\/p>\n","protected":false},"excerpt":{"rendered":"<p>Taylor Swift\u00a0se ha caracterizado por mantener ciertos aspectos de su vida personal en privado. No obstante, luego de ser nombrada la Persona del A\u00f1o por la revista\u00a0TIME,\u00a0la cantante estadounidense se sincer\u00f3 sobre algunos momentos\u00a0que marcaron su carrera y su romance con\u00a0Travis Kelce. Las noticias sobre la relaci\u00f3n entre la cantante y el deportista comenzaron desde [&hellip;]<\/p>\n","protected":false},"author":35,"featured_media":126453,"comment_status":"open","ping_status":"open","sticky":false,"template":"","format":"standard","meta":{"_monsterinsights_skip_tracking":false,"_monsterinsights_sitenote_active":false,"_monsterinsights_sitenote_note":"","_monsterinsights_sitenote_category":0,"footnotes":""},"categories":[576],"tags":[8599,4135,27460],"class_list":["post-132084","post","type-post","status-publish","format-standard","has-post-thumbnail","hentry","category-ocio","tag-revela","tag-taylor-swift","tag-travis-kelce","wp-image-borders"],"amp_enabled":true,"_links":{"self":[{"href":"https:\/\/nvnoticias.mx\/index.php\/wp-json\/wp\/v2\/posts\/132084","targetHints":{"allow":["GET"]}}],"collection":[{"href":"https:\/\/nvnoticias.mx\/index.php\/wp-json\/wp\/v2\/posts"}],"about":[{"href":"https:\/\/nvnoticias.mx\/index.php\/wp-json\/wp\/v2\/types\/post"}],"author":[{"embeddable":true,"href":"https:\/\/nvnoticias.mx\/index.php\/wp-json\/wp\/v2\/users\/35"}],"replies":[{"embeddable":true,"href":"https:\/\/nvnoticias.mx\/index.php\/wp-json\/wp\/v2\/comments?post=132084"}],"version-history":[{"count":1,"href":"https:\/\/nvnoticias.mx\/index.php\/wp-json\/wp\/v2\/posts\/132084\/revisions"}],"predecessor-version":[{"id":132085,"href":"https:\/\/nvnoticias.mx\/index.php\/wp-json\/wp\/v2\/posts\/132084\/revisions\/132085"}],"wp:featuredmedia":[{"embeddable":true,"href":"https:\/\/nvnoticias.mx\/index.php\/wp-json\/wp\/v2\/media\/126453"}],"wp:attachment":[{"href":"https:\/\/nvnoticias.mx\/index.php\/wp-json\/wp\/v2\/media?parent=132084"}],"wp:term":[{"taxonomy":"category","embeddable":true,"href":"https:\/\/nvnoticias.mx\/index.php\/wp-json\/wp\/v2\/categories?post=132084"},{"taxonomy":"post_tag","embeddable":true,"href":"https:\/\/nvnoticias.mx\/index.php\/wp-json\/wp\/v2\/tags?post=132084"}],"curies":[{"name":"wp","href":"https:\/\/api.w.org\/{rel}","templated":true}]}}