{"id":131943,"date":"2023-12-07T12:46:29","date_gmt":"2023-12-07T18:46:29","guid":{"rendered":"https:\/\/nvnoticias.mx\/?p=131943"},"modified":"2023-12-07T12:46:30","modified_gmt":"2023-12-07T18:46:30","slug":"empresas-deberan-realizar-actualizaciones-a-raiz-del-incremento-al-salario-minimo","status":"publish","type":"post","link":"https:\/\/nvnoticias.mx\/index.php\/2023\/12\/07\/empresas-deberan-realizar-actualizaciones-a-raiz-del-incremento-al-salario-minimo\/","title":{"rendered":"Empresas deber\u00e1n realizar actualizaciones a ra\u00edz del incremento al salario m\u00ednimo"},"content":{"rendered":"\n<p><strong>Jes\u00fas Utrilla \/ NV Noticias<\/strong><\/p>\n\n\n\n<p>Con los incrementos anuales al salario m\u00ednimo de los \u00faltimos a\u00f1os se logr\u00f3 resarcir el rezago en M\u00e9xico, dijo Oscar de Jes\u00fas Castellanos Varela, integrante del Colegio de Contadores.<\/p>\n\n\n\n<p>Aclar\u00f3 que a partir de la Unidad de Medida y Actualizaci\u00f3n dej\u00f3 de afectar en multas, recargos y otros conceptos.<\/p>\n\n\n\n<blockquote class=\"wp-block-quote is-layout-flow wp-block-quote-is-layout-flow\"><p>\u201c<em>El sector patronal debe ser cuidadoso en ver todos los movimientos que esto le va a generar. Recordemos que el salario m\u00ednimo no obliga a mover todos los salarios solo los que est\u00e1n por debajo de este m\u00ednimo. Esto los obliga a hacer posiblemente un aviso de modificaci\u00f3n ante el IMSS y hacer los c\u00e1lculos pertinentes<\/em>\u201d.<\/p><\/blockquote>\n\n\n\n<p>Record\u00f3 que la Unidad de Medida y Actualizaci\u00f3n Modificar\u00e1 a partir de febrero, con base a la inflaci\u00f3n.<\/p>\n\n\n\n<p>Advirti\u00f3 que quienes tienen cr\u00e9ditos en veces salarios m\u00ednimos ver\u00e1n incrementada su deuda porque no deben pesos. <\/p>\n\n\n\n<p>El alza ser\u00e1 de 4.35 por ciento aproximadamente, por ello quienes tienen cr\u00e9ditos hipotecarios con Infonavit realicen el cambio de veces salario m\u00ednimo a pesos.<\/p>\n","protected":false},"excerpt":{"rendered":"<p>Jes\u00fas Utrilla \/ NV Noticias Con los incrementos anuales al salario m\u00ednimo de los \u00faltimos a\u00f1os se logr\u00f3 resarcir el rezago en M\u00e9xico, dijo Oscar de Jes\u00fas Castellanos Varela, integrante del Colegio de Contadores. Aclar\u00f3 que a partir de la Unidad de Medida y Actualizaci\u00f3n dej\u00f3 de afectar en multas, recargos y otros conceptos. \u201cEl [&hellip;]<\/p>\n","protected":false},"author":8,"featured_media":84383,"comment_status":"open","ping_status":"open","sticky":false,"template":"","format":"standard","meta":{"_monsterinsights_skip_tracking":false,"_monsterinsights_sitenote_active":false,"_monsterinsights_sitenote_note":"","_monsterinsights_sitenote_category":0,"footnotes":""},"categories":[154],"tags":[4169,496,1161],"class_list":["post-131943","post","type-post","status-publish","format-standard","has-post-thumbnail","hentry","category-veracruz","tag-actualizaciones","tag-empresas","tag-salario-minimo","wp-image-borders"],"amp_enabled":true,"_links":{"self":[{"href":"https:\/\/nvnoticias.mx\/index.php\/wp-json\/wp\/v2\/posts\/131943","targetHints":{"allow":["GET"]}}],"collection":[{"href":"https:\/\/nvnoticias.mx\/index.php\/wp-json\/wp\/v2\/posts"}],"about":[{"href":"https:\/\/nvnoticias.mx\/index.php\/wp-json\/wp\/v2\/types\/post"}],"author":[{"embeddable":true,"href":"https:\/\/nvnoticias.mx\/index.php\/wp-json\/wp\/v2\/users\/8"}],"replies":[{"embeddable":true,"href":"https:\/\/nvnoticias.mx\/index.php\/wp-json\/wp\/v2\/comments?post=131943"}],"version-history":[{"count":1,"href":"https:\/\/nvnoticias.mx\/index.php\/wp-json\/wp\/v2\/posts\/131943\/revisions"}],"predecessor-version":[{"id":131944,"href":"https:\/\/nvnoticias.mx\/index.php\/wp-json\/wp\/v2\/posts\/131943\/revisions\/131944"}],"wp:featuredmedia":[{"embeddable":true,"href":"https:\/\/nvnoticias.mx\/index.php\/wp-json\/wp\/v2\/media\/84383"}],"wp:attachment":[{"href":"https:\/\/nvnoticias.mx\/index.php\/wp-json\/wp\/v2\/media?parent=131943"}],"wp:term":[{"taxonomy":"category","embeddable":true,"href":"https:\/\/nvnoticias.mx\/index.php\/wp-json\/wp\/v2\/categories?post=131943"},{"taxonomy":"post_tag","embeddable":true,"href":"https:\/\/nvnoticias.mx\/index.php\/wp-json\/wp\/v2\/tags?post=131943"}],"curies":[{"name":"wp","href":"https:\/\/api.w.org\/{rel}","templated":true}]}}