{"id":131896,"date":"2023-12-07T09:58:17","date_gmt":"2023-12-07T15:58:17","guid":{"rendered":"https:\/\/nvnoticias.mx\/?p=131896"},"modified":"2023-12-07T09:58:18","modified_gmt":"2023-12-07T15:58:18","slug":"vinculan-a-proceso-a-alfredo-jalife","status":"publish","type":"post","link":"https:\/\/nvnoticias.mx\/index.php\/2023\/12\/07\/vinculan-a-proceso-a-alfredo-jalife\/","title":{"rendered":"Vinculan a proceso a Alfredo Jalife"},"content":{"rendered":"\n<p>La Fiscal\u00eda General de Justicia del Estado de Nuevo Le\u00f3n, inform\u00f3 que el analista experto en geopol\u00edtica,\u00a0<strong>Alfredo Jalife<\/strong>, fue<strong>\u00a0vinculado a proceso\u00a0<\/strong>por los delitos de calumnia y difamaci\u00f3n, en audiencia celebrada por un juez de control de esta ciudad.<\/p>\n\n\n\n<p>El juzgador impuso como<strong>&nbsp;medida cautelar&nbsp; la prohibici\u00f3n de acercarse&nbsp;<\/strong>a la v\u00edctima (<strong>Tatiana Clouthier<\/strong>)&nbsp; y al domicilio de la misma, y adem\u00e1s fij\u00f3&nbsp; un plazo de 60 d\u00edas para el cierre de la investigaci\u00f3n complementaria.<\/p>\n\n\n\n<h2 class=\"wp-block-heading\">Jalife llevar\u00e1 su proceso en libertad<\/h2>\n\n\n\n<p>Alfredo \u201cN\u201d podr\u00e1\u00a0<strong>llevar el proceso en libertad<\/strong>, ya que ambos delitos no son considerados graves, y est\u00e1n eliminados en la mayor\u00eda de los c\u00f3digos penales de los estados de la Rep\u00fablica.Play Video<\/p>\n\n\n\n<p>Los hechos delictivos que se atribuyen al experto en geopol\u00edtica, sucedieron en agosto de 2022, seg\u00fan refiri\u00f3 la denunciante, quien present\u00f3 una querella contra Alfredo \u201c\u201cN\u201d, el primero de diciembre del 2022.<\/p>\n\n\n\n<p>En su denuncia se\u00f1al\u00f3 que en dos fechas distintas, agosto y septiembre del 2022, a trav\u00e9s de la plataforma virtual YouTube. el imputado mostr\u00f3 una imagen con textos que consider\u00f3 calumniosos.<\/p>\n\n\n\n<p>Asimismo refiri\u00f3&nbsp; la denunciante haber sido objeto de publicaciones ofensivas en la red social Twitter.<\/p>\n\n\n\n<p>El seis de diciembre del 2023 agentes ministeriales de Nuevo Le\u00f3n ejecutaron una orden de aprehensi\u00f3n contra el\u00a0 mencionado Alfredo \u201cN\u201d en la capital del pa\u00eds, por los delitos de difamaci\u00f3n y calumnias, la cual fue llevada a cabo en colaboraci\u00f3n con la Fiscal\u00eda General de Justicia de la Ciudad de M\u00e9xico.<\/p>\n\n\n\n<p>Fuente: <a href=\"https:\/\/www.eluniversal.com.mx\/estados\/vinculan-a-proceso-a-alfredo-jalife-detenido-tras-denuncia-de-tatiana-clouthier-por-difamacion\/\" data-type=\"URL\" data-id=\"https:\/\/www.eluniversal.com.mx\/estados\/vinculan-a-proceso-a-alfredo-jalife-detenido-tras-denuncia-de-tatiana-clouthier-por-difamacion\/\">Milenio<\/a> <\/p>\n","protected":false},"excerpt":{"rendered":"<p>La Fiscal\u00eda General de Justicia del Estado de Nuevo Le\u00f3n, inform\u00f3 que el analista experto en geopol\u00edtica,\u00a0Alfredo Jalife, fue\u00a0vinculado a proceso\u00a0por los delitos de calumnia y difamaci\u00f3n, en audiencia celebrada por un juez de control de esta ciudad. El juzgador impuso como&nbsp;medida cautelar&nbsp; la prohibici\u00f3n de acercarse&nbsp;a la v\u00edctima (Tatiana Clouthier)&nbsp; y al domicilio de [&hellip;]<\/p>\n","protected":false},"author":35,"featured_media":131899,"comment_status":"open","ping_status":"open","sticky":false,"template":"","format":"standard","meta":{"_monsterinsights_skip_tracking":false,"_monsterinsights_sitenote_active":false,"_monsterinsights_sitenote_note":"","_monsterinsights_sitenote_category":0,"footnotes":""},"categories":[157],"tags":[28592,2189,12006],"class_list":["post-131896","post","type-post","status-publish","format-standard","has-post-thumbnail","hentry","category-nacional","tag-alfredo-jalife","tag-proceso","tag-vinculan","wp-image-borders"],"amp_enabled":true,"_links":{"self":[{"href":"https:\/\/nvnoticias.mx\/index.php\/wp-json\/wp\/v2\/posts\/131896","targetHints":{"allow":["GET"]}}],"collection":[{"href":"https:\/\/nvnoticias.mx\/index.php\/wp-json\/wp\/v2\/posts"}],"about":[{"href":"https:\/\/nvnoticias.mx\/index.php\/wp-json\/wp\/v2\/types\/post"}],"author":[{"embeddable":true,"href":"https:\/\/nvnoticias.mx\/index.php\/wp-json\/wp\/v2\/users\/35"}],"replies":[{"embeddable":true,"href":"https:\/\/nvnoticias.mx\/index.php\/wp-json\/wp\/v2\/comments?post=131896"}],"version-history":[{"count":3,"href":"https:\/\/nvnoticias.mx\/index.php\/wp-json\/wp\/v2\/posts\/131896\/revisions"}],"predecessor-version":[{"id":131900,"href":"https:\/\/nvnoticias.mx\/index.php\/wp-json\/wp\/v2\/posts\/131896\/revisions\/131900"}],"wp:featuredmedia":[{"embeddable":true,"href":"https:\/\/nvnoticias.mx\/index.php\/wp-json\/wp\/v2\/media\/131899"}],"wp:attachment":[{"href":"https:\/\/nvnoticias.mx\/index.php\/wp-json\/wp\/v2\/media?parent=131896"}],"wp:term":[{"taxonomy":"category","embeddable":true,"href":"https:\/\/nvnoticias.mx\/index.php\/wp-json\/wp\/v2\/categories?post=131896"},{"taxonomy":"post_tag","embeddable":true,"href":"https:\/\/nvnoticias.mx\/index.php\/wp-json\/wp\/v2\/tags?post=131896"}],"curies":[{"name":"wp","href":"https:\/\/api.w.org\/{rel}","templated":true}]}}