{"id":131854,"date":"2023-12-06T13:50:30","date_gmt":"2023-12-06T19:50:30","guid":{"rendered":"https:\/\/nvnoticias.mx\/?p=131854"},"modified":"2023-12-06T13:50:30","modified_gmt":"2023-12-06T19:50:30","slug":"falta-de-interes-en-espiritualidad-conlleva-a-la-perdida-de-valores-y-problemas-sociales-pastor","status":"publish","type":"post","link":"https:\/\/nvnoticias.mx\/index.php\/2023\/12\/06\/falta-de-interes-en-espiritualidad-conlleva-a-la-perdida-de-valores-y-problemas-sociales-pastor\/","title":{"rendered":"Falta de inter\u00e9s en espiritualidad conlleva a la p\u00e9rdida de valores y problemas sociales: Pastor"},"content":{"rendered":"\n<p><strong>Jes\u00fas Utrilla \/ NV Noticias<\/strong><\/p>\n\n\n\n<p>Es necesario que tanto j\u00f3venes como familias enteras se acerquen a la espiritualidad, ya que la falta de inter\u00e9s en estos temas conduce a la p\u00e9rdida de valores, violencia y diversos problemas sociales.<\/p>\n\n\n\n<p>El Pastor Jos\u00e9 Luis Silva advirti\u00f3\u00a0 sobre el crecimiento de familias disfuncionales debido a que la vida cotidiana ha relegado la dimensi\u00f3n espiritual.<\/p>\n\n\n\n<p>Coment\u00f3 sobre el colapso social y familiar, atribuyendo muchos problemas matrimoniales y adicciones a la carencia de valores. Observa que las nuevas generaciones, inmersas en lo material y distra\u00eddas por la tecnolog\u00eda, descuidan la convivencia interpersonal, lo que contribuye al deterioro de las relaciones familiares y sociales.<\/p>\n\n\n\n<p>Destacando el excesivo uso de dispositivos electr\u00f3nicos, especialmente para acceder a contenido perjudicial, el Pastor enfatiza la necesidad de recuperar valores y empat\u00eda. <\/p>\n\n\n\n<p>Como respuesta, anuncia la entrega gratuita de biblias en su templo ubicado en Lerdo entre Madero e Hidalgo, en el centro de la ciudad de Veracruz. <\/p>\n\n\n\n<p>Invita a aquellos interesados a acercarse y obtener un ejemplar, subrayando que las biblias no se venden, sino que se regalan como una contribuci\u00f3n para acercar a las personas a la espiritualidad y cerrar el a\u00f1o de manera significativa.<\/p>\n","protected":false},"excerpt":{"rendered":"<p>Jes\u00fas Utrilla \/ NV Noticias Es necesario que tanto j\u00f3venes como familias enteras se acerquen a la espiritualidad, ya que la falta de inter\u00e9s en estos temas conduce a la p\u00e9rdida de valores, violencia y diversos problemas sociales. El Pastor Jos\u00e9 Luis Silva advirti\u00f3\u00a0 sobre el crecimiento de familias disfuncionales debido a que la vida [&hellip;]<\/p>\n","protected":false},"author":8,"featured_media":131855,"comment_status":"open","ping_status":"open","sticky":false,"template":"","format":"standard","meta":{"_monsterinsights_skip_tracking":false,"_monsterinsights_sitenote_active":false,"_monsterinsights_sitenote_note":"","_monsterinsights_sitenote_category":0,"footnotes":""},"categories":[154],"tags":[28588,24843],"class_list":["post-131854","post","type-post","status-publish","format-standard","has-post-thumbnail","hentry","category-veracruz","tag-desinteres","tag-espiritualidad","wp-image-borders"],"amp_enabled":true,"_links":{"self":[{"href":"https:\/\/nvnoticias.mx\/index.php\/wp-json\/wp\/v2\/posts\/131854","targetHints":{"allow":["GET"]}}],"collection":[{"href":"https:\/\/nvnoticias.mx\/index.php\/wp-json\/wp\/v2\/posts"}],"about":[{"href":"https:\/\/nvnoticias.mx\/index.php\/wp-json\/wp\/v2\/types\/post"}],"author":[{"embeddable":true,"href":"https:\/\/nvnoticias.mx\/index.php\/wp-json\/wp\/v2\/users\/8"}],"replies":[{"embeddable":true,"href":"https:\/\/nvnoticias.mx\/index.php\/wp-json\/wp\/v2\/comments?post=131854"}],"version-history":[{"count":1,"href":"https:\/\/nvnoticias.mx\/index.php\/wp-json\/wp\/v2\/posts\/131854\/revisions"}],"predecessor-version":[{"id":131856,"href":"https:\/\/nvnoticias.mx\/index.php\/wp-json\/wp\/v2\/posts\/131854\/revisions\/131856"}],"wp:featuredmedia":[{"embeddable":true,"href":"https:\/\/nvnoticias.mx\/index.php\/wp-json\/wp\/v2\/media\/131855"}],"wp:attachment":[{"href":"https:\/\/nvnoticias.mx\/index.php\/wp-json\/wp\/v2\/media?parent=131854"}],"wp:term":[{"taxonomy":"category","embeddable":true,"href":"https:\/\/nvnoticias.mx\/index.php\/wp-json\/wp\/v2\/categories?post=131854"},{"taxonomy":"post_tag","embeddable":true,"href":"https:\/\/nvnoticias.mx\/index.php\/wp-json\/wp\/v2\/tags?post=131854"}],"curies":[{"name":"wp","href":"https:\/\/api.w.org\/{rel}","templated":true}]}}