{"id":131757,"date":"2023-12-05T13:02:19","date_gmt":"2023-12-05T19:02:19","guid":{"rendered":"https:\/\/nvnoticias.mx\/?p=131757"},"modified":"2023-12-05T13:02:19","modified_gmt":"2023-12-05T19:02:19","slug":"llaman-a-trabajar-unidos-al-interior-de-todos-los-partidos-que-conformaran-el-frente-amplio-opositor","status":"publish","type":"post","link":"https:\/\/nvnoticias.mx\/index.php\/2023\/12\/05\/llaman-a-trabajar-unidos-al-interior-de-todos-los-partidos-que-conformaran-el-frente-amplio-opositor\/","title":{"rendered":"Llaman a trabajar unidos al interior de todos los partidos que conformar\u00e1n el Frente Amplio opositor"},"content":{"rendered":"\n<p><strong>Jes\u00fas Utrilla \/ NV Noticias<\/strong><\/p>\n\n\n\n<p>El diputado federal veracruzano Jos\u00e9 Yunes Zorrilla hizo un llamado a trabajar unidos al interior de todos los partidos que conformar\u00e1n el Frente Amplio opositor de cara a las elecciones de 2024 en Veracruz.\u00a0<\/p>\n\n\n\n<p>Luego de reunirse el fin de semana con Alianza Generacional, agrupaci\u00f3n pol\u00edtica encabezada por Hector Yunes Landa y acompa\u00f1ado por Miguel \u00c1ngel Yunes M\u00e1rquez, exalcalde de Boca del R\u00edo, Pepe Yunes asegur\u00f3 que el objetivo del frente opositor es que sean los ciudadanos y las organizaciones de la sociedad civil quienes marquen la pauta y la agenda rumbo a los pr\u00f3ximos comicios.\u00a0<\/p>\n\n\n\n<p>Se\u00f1al\u00f3 que la elecci\u00f3n de 2024 ser\u00e1 compleja, ya que el Gobierno de MORENA buscar\u00e1 ganar a como d\u00e9 lugar, utilizando recursos p\u00fablicos y el aparato de Estado de manera ilegal. <\/p>\n\n\n\n<p>Indic\u00f3 que por ello la Alianza jugar\u00e1 un papel relevante, convocando a la ciudadan\u00eda y a organizaciones civiles para conformar una agenda ciudadana que permita la participaci\u00f3n masiva el pr\u00f3ximo a\u00f1o, \u201cdebemos trabajar unidos para lograr avanzar y hacer que Veracruz recupere su papel protag\u00f3nico en el pa\u00eds que tristemente hoy se ha perdido\u201d dijo.\u00a0 <\/p>\n\n\n\n<blockquote class=\"wp-block-quote is-layout-flow wp-block-quote-is-layout-flow\"><p>\u201c<em>Llevamos ahorita algo muy claro: el mensaje de la unidad y el de la convocatoria, muy emotiva y consistente, con la participaci\u00f3n de los ciudadanos. En ese sentido estaremos recorriendo el estado, buscando lograr mucho con el alcance del trabajo de Alianza Generacional de cara a lo que queremos ver en Veracruz a partir de 2024<\/em>\u201d, puntualiz\u00f3 Pepe Yunes.<\/p><\/blockquote>\n\n\n\n<p>A la par, dijo que las encuestas presentadas por el partido Morena, que presuntamente dan una ventaja considerable a Claudia Sheinbaum y Roc\u00edo Nahle sobre sus rivales para la presidencia de M\u00e9xico y de Veracruz, respectivamente, son mera propaganda pol\u00edtica.\u00a0 \u00a0<\/p>\n\n\n\n<p>El diputado federal expuso que esto solo es una forma de generar estrategia medi\u00e1tica, ya que la mejor propuesta y quienes se ganar\u00e1n el apoyo y respaldo de los mexicanos y veracruzanos, ser\u00e1n los candidatos del Frente Amplio por M\u00e9xico.\u00a0<\/p>\n","protected":false},"excerpt":{"rendered":"<p>Jes\u00fas Utrilla \/ NV Noticias El diputado federal veracruzano Jos\u00e9 Yunes Zorrilla hizo un llamado a trabajar unidos al interior de todos los partidos que conformar\u00e1n el Frente Amplio opositor de cara a las elecciones de 2024 en Veracruz.\u00a0 Luego de reunirse el fin de semana con Alianza Generacional, agrupaci\u00f3n pol\u00edtica encabezada por Hector Yunes [&hellip;]<\/p>\n","protected":false},"author":8,"featured_media":131758,"comment_status":"open","ping_status":"open","sticky":false,"template":"","format":"standard","meta":{"_monsterinsights_skip_tracking":false,"_monsterinsights_sitenote_active":false,"_monsterinsights_sitenote_note":"","_monsterinsights_sitenote_category":0,"footnotes":""},"categories":[154],"tags":[25955,24956],"class_list":["post-131757","post","type-post","status-publish","format-standard","has-post-thumbnail","hentry","category-veracruz","tag-frente-amplio-opositor","tag-jose-yunes-zorrilla","wp-image-borders"],"amp_enabled":true,"_links":{"self":[{"href":"https:\/\/nvnoticias.mx\/index.php\/wp-json\/wp\/v2\/posts\/131757","targetHints":{"allow":["GET"]}}],"collection":[{"href":"https:\/\/nvnoticias.mx\/index.php\/wp-json\/wp\/v2\/posts"}],"about":[{"href":"https:\/\/nvnoticias.mx\/index.php\/wp-json\/wp\/v2\/types\/post"}],"author":[{"embeddable":true,"href":"https:\/\/nvnoticias.mx\/index.php\/wp-json\/wp\/v2\/users\/8"}],"replies":[{"embeddable":true,"href":"https:\/\/nvnoticias.mx\/index.php\/wp-json\/wp\/v2\/comments?post=131757"}],"version-history":[{"count":1,"href":"https:\/\/nvnoticias.mx\/index.php\/wp-json\/wp\/v2\/posts\/131757\/revisions"}],"predecessor-version":[{"id":131759,"href":"https:\/\/nvnoticias.mx\/index.php\/wp-json\/wp\/v2\/posts\/131757\/revisions\/131759"}],"wp:featuredmedia":[{"embeddable":true,"href":"https:\/\/nvnoticias.mx\/index.php\/wp-json\/wp\/v2\/media\/131758"}],"wp:attachment":[{"href":"https:\/\/nvnoticias.mx\/index.php\/wp-json\/wp\/v2\/media?parent=131757"}],"wp:term":[{"taxonomy":"category","embeddable":true,"href":"https:\/\/nvnoticias.mx\/index.php\/wp-json\/wp\/v2\/categories?post=131757"},{"taxonomy":"post_tag","embeddable":true,"href":"https:\/\/nvnoticias.mx\/index.php\/wp-json\/wp\/v2\/tags?post=131757"}],"curies":[{"name":"wp","href":"https:\/\/api.w.org\/{rel}","templated":true}]}}