{"id":131754,"date":"2023-12-05T12:57:58","date_gmt":"2023-12-05T18:57:58","guid":{"rendered":"https:\/\/nvnoticias.mx\/?p=131754"},"modified":"2023-12-05T12:57:59","modified_gmt":"2023-12-05T18:57:59","slug":"manlio-fabio-altamirano-celebrara-sus-fiestas-patronales","status":"publish","type":"post","link":"https:\/\/nvnoticias.mx\/index.php\/2023\/12\/05\/manlio-fabio-altamirano-celebrara-sus-fiestas-patronales\/","title":{"rendered":"Manlio Fabio Altamirano celebrar\u00e1 sus Fiestas Patronales"},"content":{"rendered":"\n<p><strong>Jes\u00fas Utrilla \/ NV Noticias<\/strong><\/p>\n\n\n\n<p>Del 7 al 10 de diciembre, Manlio Fabio Altamirano celebrar\u00e1 sus Fiestas Patronales con un programa de actividades. Las autoridades municipales destacaron la expectativa de un alto flujo tur\u00edstico.<\/p>\n\n\n\n<p>Las festividades incluir\u00e1n exposiciones agr\u00edcolas con insumos a precios reducidos, destacando la vitalidad de la econom\u00eda local.&nbsp;&nbsp;El 7 de diciembre se llevar\u00e1 a cabo la coronaci\u00f3n de la reina, seguido por un variado programa que incluye el concurso de palo encebado, ballet folcl\u00f3rico y m\u00fasica a cargo de un DJ.<\/p>\n\n\n\n<p>El s\u00e1bado habra una cabalgata con la participaci\u00f3n de jinetes provenientes de diversas partes del estado. Por la noche, el grupo Bryndis animar\u00e1 el baile popular, mientras que la exposici\u00f3n de ganado ofrecer\u00e1 una oportunidad para la venta de animales y la exhibici\u00f3n de diferentes razas.<\/p>\n\n\n\n<p>El cierre de la feria ganadera el domingo no marcar\u00e1 el fin de las festividades, ya que continuar\u00e1n las actividades religiosas en honor a la Virgen de Guadalupe. El 11 de diciembre por la noche&nbsp;&nbsp;se realizar\u00e1n las ma\u00f1anitas, seguidas de una feria con juegos mec\u00e1nicos.<\/p>\n\n\n\n<p>La seguridad ser\u00e1 en colaboraci\u00f3n de Protecci\u00f3n Civil y Tr\u00e1nsito del Estado. Param\u00e9dicos y vigilancia estar\u00e1n presentes para garantizar que los asistentes disfruten de las festividades sin contratiempos. Las autoridades invitan a todos a participar en estas celebraciones que destacan la identidad y la tradici\u00f3n de Manlio Fabio Altamirano.&nbsp;<\/p>\n","protected":false},"excerpt":{"rendered":"<p>Jes\u00fas Utrilla \/ NV Noticias Del 7 al 10 de diciembre, Manlio Fabio Altamirano celebrar\u00e1 sus Fiestas Patronales con un programa de actividades. Las autoridades municipales destacaron la expectativa de un alto flujo tur\u00edstico. Las festividades incluir\u00e1n exposiciones agr\u00edcolas con insumos a precios reducidos, destacando la vitalidad de la econom\u00eda local.&nbsp;&nbsp;El 7 de diciembre se [&hellip;]<\/p>\n","protected":false},"author":8,"featured_media":131755,"comment_status":"open","ping_status":"open","sticky":false,"template":"","format":"standard","meta":{"_monsterinsights_skip_tracking":false,"_monsterinsights_sitenote_active":false,"_monsterinsights_sitenote_note":"","_monsterinsights_sitenote_category":0,"footnotes":""},"categories":[154],"tags":[5085,1438],"class_list":["post-131754","post","type-post","status-publish","format-standard","has-post-thumbnail","hentry","category-veracruz","tag-fiestas-patronales","tag-manlio-fabio-altamirano","wp-image-borders"],"amp_enabled":true,"_links":{"self":[{"href":"https:\/\/nvnoticias.mx\/index.php\/wp-json\/wp\/v2\/posts\/131754","targetHints":{"allow":["GET"]}}],"collection":[{"href":"https:\/\/nvnoticias.mx\/index.php\/wp-json\/wp\/v2\/posts"}],"about":[{"href":"https:\/\/nvnoticias.mx\/index.php\/wp-json\/wp\/v2\/types\/post"}],"author":[{"embeddable":true,"href":"https:\/\/nvnoticias.mx\/index.php\/wp-json\/wp\/v2\/users\/8"}],"replies":[{"embeddable":true,"href":"https:\/\/nvnoticias.mx\/index.php\/wp-json\/wp\/v2\/comments?post=131754"}],"version-history":[{"count":1,"href":"https:\/\/nvnoticias.mx\/index.php\/wp-json\/wp\/v2\/posts\/131754\/revisions"}],"predecessor-version":[{"id":131756,"href":"https:\/\/nvnoticias.mx\/index.php\/wp-json\/wp\/v2\/posts\/131754\/revisions\/131756"}],"wp:featuredmedia":[{"embeddable":true,"href":"https:\/\/nvnoticias.mx\/index.php\/wp-json\/wp\/v2\/media\/131755"}],"wp:attachment":[{"href":"https:\/\/nvnoticias.mx\/index.php\/wp-json\/wp\/v2\/media?parent=131754"}],"wp:term":[{"taxonomy":"category","embeddable":true,"href":"https:\/\/nvnoticias.mx\/index.php\/wp-json\/wp\/v2\/categories?post=131754"},{"taxonomy":"post_tag","embeddable":true,"href":"https:\/\/nvnoticias.mx\/index.php\/wp-json\/wp\/v2\/tags?post=131754"}],"curies":[{"name":"wp","href":"https:\/\/api.w.org\/{rel}","templated":true}]}}