{"id":131748,"date":"2023-12-05T12:52:05","date_gmt":"2023-12-05T18:52:05","guid":{"rendered":"https:\/\/nvnoticias.mx\/?p=131748"},"modified":"2023-12-05T12:52:07","modified_gmt":"2023-12-05T18:52:07","slug":"niega-mario-bautista-tener-una-relacion-con-karol-sevilla","status":"publish","type":"post","link":"https:\/\/nvnoticias.mx\/index.php\/2023\/12\/05\/niega-mario-bautista-tener-una-relacion-con-karol-sevilla\/","title":{"rendered":"Niega Mario Bautista tener una relaci\u00f3n con Karol Sevilla"},"content":{"rendered":"\n<p>Karol Sevilla ha sido tendencia en estas semanas despu\u00e9s de que se diera a conocer su rompimiento con el hijo de Niurka y Juan Osorio, Emilio.<\/p>\n\n\n\n<p>Tras esto muchos fan\u00e1ticos especularon que la actriz y cantante ya se encontraba en otro romance, pero ahora con el tambi\u00e9n m\u00fasico Mario Bautista, ya que se les hab\u00eda captado en una \u2018cena romantica\u2019 juntos, es por eso que Mario ha decidido poner fin a los rumores y negar dicho romance.<\/p>\n\n\n\n<p>Fue en un encuentro con los medios en el aeropuerto donde el cantante y primo de Fey reaccion\u00f3 entre risas al cuestionamiento sobre una relaci\u00f3n con Karol Sevilla.<\/p>\n\n\n\n<blockquote class=\"wp-block-quote is-layout-flow wp-block-quote-is-layout-flow\"><p>\u201cMe sorprende mucho que una noticia que es un chisme o algo malo se difunda tan r\u00e1pido &#8220;<\/p><\/blockquote>\n\n\n\n<p><br>El m\u00fasico recalc\u00f3 que tiene una relaci\u00f3n de amistad tiempo atr\u00e1s con ella.<\/p>\n\n\n\n<blockquote class=\"wp-block-quote is-layout-flow wp-block-quote-is-layout-flow\"><p>\u201cKarol y yo nos conocemos desde a\u00f1os atr\u00e1s y el otro d\u00eda fue algo que se prest\u00f3, fue de &#8216; hey que andas haciendo, ando por aqu\u00ed y vamos a echarnos una copita&#8217;, pero bien, todo bien&#8221;<\/p><\/blockquote>\n\n\n\n<p><br>Pero asegur\u00f3 que s\u00ed se encuentra soltero e incluso bromeo con la posibilidad de un romance con Karol en el futuro.<\/p>\n\n\n\n<blockquote class=\"wp-block-quote is-layout-flow wp-block-quote-is-layout-flow\"><p>\u201cEstoy en un momento en el que estoy transicionando una relaci\u00f3n, termin\u00f3 y estoy ahorita en la solter\u00eda disfrutando y Karol, si est\u00e1s ah\u00ed te mando un besito (dijo entre risas)\u201d.<br><\/p><\/blockquote>\n\n\n\n<p><br>Fuente: <a href=\"https:\/\/www.milenio.com\/espectaculos\/famosos\/mario-bautista-niega-romance-karol-sevilla\" data-type=\"URL\" data-id=\"https:\/\/www.milenio.com\/espectaculos\/famosos\/mario-bautista-niega-romance-karol-sevilla\">Milenio<\/a><\/p>\n","protected":false},"excerpt":{"rendered":"<p>Karol Sevilla ha sido tendencia en estas semanas despu\u00e9s de que se diera a conocer su rompimiento con el hijo de Niurka y Juan Osorio, Emilio. Tras esto muchos fan\u00e1ticos especularon que la actriz y cantante ya se encontraba en otro romance, pero ahora con el tambi\u00e9n m\u00fasico Mario Bautista, ya que se les hab\u00eda [&hellip;]<\/p>\n","protected":false},"author":35,"featured_media":131751,"comment_status":"open","ping_status":"open","sticky":false,"template":"","format":"standard","meta":{"_monsterinsights_skip_tracking":false,"_monsterinsights_sitenote_active":false,"_monsterinsights_sitenote_note":"","_monsterinsights_sitenote_category":0,"footnotes":""},"categories":[576],"tags":[5303,28569,7927,7446],"class_list":["post-131748","post","type-post","status-publish","format-standard","has-post-thumbnail","hentry","category-ocio","tag-karol-sevilla","tag-mario-bautista","tag-niega","tag-relacion","wp-image-borders"],"amp_enabled":true,"_links":{"self":[{"href":"https:\/\/nvnoticias.mx\/index.php\/wp-json\/wp\/v2\/posts\/131748","targetHints":{"allow":["GET"]}}],"collection":[{"href":"https:\/\/nvnoticias.mx\/index.php\/wp-json\/wp\/v2\/posts"}],"about":[{"href":"https:\/\/nvnoticias.mx\/index.php\/wp-json\/wp\/v2\/types\/post"}],"author":[{"embeddable":true,"href":"https:\/\/nvnoticias.mx\/index.php\/wp-json\/wp\/v2\/users\/35"}],"replies":[{"embeddable":true,"href":"https:\/\/nvnoticias.mx\/index.php\/wp-json\/wp\/v2\/comments?post=131748"}],"version-history":[{"count":1,"href":"https:\/\/nvnoticias.mx\/index.php\/wp-json\/wp\/v2\/posts\/131748\/revisions"}],"predecessor-version":[{"id":131750,"href":"https:\/\/nvnoticias.mx\/index.php\/wp-json\/wp\/v2\/posts\/131748\/revisions\/131750"}],"wp:featuredmedia":[{"embeddable":true,"href":"https:\/\/nvnoticias.mx\/index.php\/wp-json\/wp\/v2\/media\/131751"}],"wp:attachment":[{"href":"https:\/\/nvnoticias.mx\/index.php\/wp-json\/wp\/v2\/media?parent=131748"}],"wp:term":[{"taxonomy":"category","embeddable":true,"href":"https:\/\/nvnoticias.mx\/index.php\/wp-json\/wp\/v2\/categories?post=131748"},{"taxonomy":"post_tag","embeddable":true,"href":"https:\/\/nvnoticias.mx\/index.php\/wp-json\/wp\/v2\/tags?post=131748"}],"curies":[{"name":"wp","href":"https:\/\/api.w.org\/{rel}","templated":true}]}}