{"id":131655,"date":"2023-12-04T16:13:18","date_gmt":"2023-12-04T22:13:18","guid":{"rendered":"https:\/\/nvnoticias.mx\/?p=131655"},"modified":"2023-12-04T16:13:18","modified_gmt":"2023-12-04T22:13:18","slug":"presenta-zack-snyder-su-aventura-espacial-rebel-moon","status":"publish","type":"post","link":"https:\/\/nvnoticias.mx\/index.php\/2023\/12\/04\/presenta-zack-snyder-su-aventura-espacial-rebel-moon\/","title":{"rendered":"Presenta Zack Snyder su aventura espacial &#8220;Rebel Moon&#8221;"},"content":{"rendered":"\n<p>&#8220;Creo que todo lo que hab\u00eda hecho antes me prepar\u00f3 para esta pel\u00edcula&#8221;, dijo esta ma\u00f1ana el\u00a0<strong>director\u00a0Zack Snyder<\/strong>\u00a0durante la presentaci\u00f3n de su\u00a0<strong>nueva pel\u00edcula<\/strong>\u00a0\u201c<strong>Rebel Moon (parte uno): la ni\u00f1a de fuego<\/strong>\u201d en conferencia de prensa.<\/p>\n\n\n\n<p>El cineasta detr\u00e1s de t\u00edtulos como \u201cWatchmen\u201d y \u201cLa liga de la justicia\u201d asume no s\u00f3lo el papel de director sino tambi\u00e9n director de fotograf\u00eda, escritor y productor del filme que est\u00e9 22 de diciembre llega a la plataforma\u00a0<strong>Netflix<\/strong>.<\/p>\n\n\n\n<blockquote class=\"wp-block-quote is-layout-flow wp-block-quote-is-layout-flow\"><p>&#8220;No me son extra\u00f1as las cosas ex\u00f3ticas pero algo bueno de esta pel\u00edcula es que por supuesto estaba preparado por todas las cosas que hab\u00eda hecho antes como &#8216;300&#8217;. Todo lo que he hecho me ayud\u00f3 a llegar a este punto\u201d, comparti\u00f3 en conferencia de prensa en la CDMX y en compa\u00f1\u00eda de la actriz Sofia Boutella, protagonista del filme.<\/p><\/blockquote>\n\n\n\n<p>La cinta de ciencia ficci\u00f3n y opera espacial, arranca luego de que Kora (Boutella), quien tiene un pasado misterioso, comienza una nueva vida en una pac\u00edfica colonia rural en una luna recondita llamada Veldt. A ese lugar llega el tirano Balisarius (Fra Fee) y su cruel emisario, el almirante Atticus Noble (Ed Skrein), quienes descubren que los granjeros estuvieron vendiendo sus cosechas a los l\u00edderes del grupo insurgente Bloodaxe (Cleopatra Coleman y Ray Fisher), que es buscado por el Mundo Madre.<\/p>\n\n\n\n<p>A ra\u00edz de esto Kora y uno de los granjeros, llamado Gunnar (Michiel Huisman), deciden reclutar a un grupo de valientes dispuestos a dar la vida para proteger a los habitantes de su hogar. As\u00ed forman un grupo de revolucionarios para evitar que los ej\u00e9rcitos de Mundo Madre arrasen con todo.<\/p>\n\n\n\n<blockquote class=\"wp-block-quote is-layout-flow wp-block-quote-is-layout-flow\"><p>\u201cEs mi primer papel principal pero fue un gran honor y creo que esta pel\u00edcula es importante por el factor de visibilizar a las mujeres y Zack eleva y empodera a las mujeres de una forma en que se requer\u00eda sobre todo en este g\u00e9nero en el que no recuerdo haber visto antes, o s\u00f3lo lo he vislumbrando pero no de una historia tan comprometida con la capacidad y complejidad de una mujer\u201d, dijo Boutella.<\/p><\/blockquote>\n\n\n\n<p>\u201cEstoy honrada y espero que llegue a muchas mujeres y tambi\u00e9n hombres\u201d.<\/p>\n\n\n\n<p>Para preparar este universo, con una vibra muy Star Wars, Snyder detall\u00f3 que realiz\u00f3 m\u00e1s de 4 mil dibujos donde plasm\u00f3 los escenarios que quer\u00eda ver en pantalla. Su continuaci\u00f3n &#8220;Rebel Moon (parte 2): la guerrera que deja marcas&#8221; se estrenar\u00e1 el 19 de abril de 2024, en Netflix.<\/p>\n\n\n\n<blockquote class=\"wp-block-quote is-layout-flow wp-block-quote-is-layout-flow\"><p>&#8220;Los elementos que me inspiraron vienen de las pel\u00edculas que a m\u00ed me influenciaron de los a\u00f1os 80, las novelas gr\u00e1ficas, el arte de fantas\u00eda del que soy fan. Esas fueron las cosas que me motivaron a realizar este viaje visual&#8221;, asegur\u00f3 Zack.<\/p><\/blockquote>\n\n\n\n<blockquote class=\"wp-block-quote is-layout-flow wp-block-quote-is-layout-flow\"><p>&#8220;Espero que la audiencia obtenga lo mismo. Cuando ves una pel\u00edcula de fantas\u00eda, esa forma en que motiva tu imaginaci\u00f3n, que te hace hacerte preguntas. Y con la historia quer\u00eda que el p\u00fablico se sumergiera en el drama, lo que pasan estos personajes que habitan ese mundo y conforme continue la historia, porque Netflix me permiti\u00f3 hacer dos pel\u00edculas&#8221;.<\/p><\/blockquote>\n\n\n\n<p>Fuente:<a href=\"https:\/\/www.eluniversal.com.mx\/espectaculos\/zack-snyder-presenta-su-aventura-espacial-rebel-moon\/\" data-type=\"URL\" data-id=\"https:\/\/www.eluniversal.com.mx\/espectaculos\/zack-snyder-presenta-su-aventura-espacial-rebel-moon\/\"> El Universal<\/a><\/p>\n","protected":false},"excerpt":{"rendered":"<p>&#8220;Creo que todo lo que hab\u00eda hecho antes me prepar\u00f3 para esta pel\u00edcula&#8221;, dijo esta ma\u00f1ana el\u00a0director\u00a0Zack Snyder\u00a0durante la presentaci\u00f3n de su\u00a0nueva pel\u00edcula\u00a0\u201cRebel Moon (parte uno): la ni\u00f1a de fuego\u201d en conferencia de prensa. El cineasta detr\u00e1s de t\u00edtulos como \u201cWatchmen\u201d y \u201cLa liga de la justicia\u201d asume no s\u00f3lo el papel de director sino [&hellip;]<\/p>\n","protected":false},"author":35,"featured_media":131659,"comment_status":"open","ping_status":"open","sticky":false,"template":"","format":"standard","meta":{"_monsterinsights_skip_tracking":false,"_monsterinsights_sitenote_active":false,"_monsterinsights_sitenote_note":"","_monsterinsights_sitenote_category":0,"footnotes":""},"categories":[576],"tags":[28552,18615,9077,28553,2845],"class_list":["post-131655","post","type-post","status-publish","format-standard","has-post-thumbnail","hentry","category-ocio","tag-aventura","tag-espacial","tag-presenta","tag-rebel-moon","tag-zack-snyder","wp-image-borders"],"amp_enabled":true,"_links":{"self":[{"href":"https:\/\/nvnoticias.mx\/index.php\/wp-json\/wp\/v2\/posts\/131655","targetHints":{"allow":["GET"]}}],"collection":[{"href":"https:\/\/nvnoticias.mx\/index.php\/wp-json\/wp\/v2\/posts"}],"about":[{"href":"https:\/\/nvnoticias.mx\/index.php\/wp-json\/wp\/v2\/types\/post"}],"author":[{"embeddable":true,"href":"https:\/\/nvnoticias.mx\/index.php\/wp-json\/wp\/v2\/users\/35"}],"replies":[{"embeddable":true,"href":"https:\/\/nvnoticias.mx\/index.php\/wp-json\/wp\/v2\/comments?post=131655"}],"version-history":[{"count":1,"href":"https:\/\/nvnoticias.mx\/index.php\/wp-json\/wp\/v2\/posts\/131655\/revisions"}],"predecessor-version":[{"id":131660,"href":"https:\/\/nvnoticias.mx\/index.php\/wp-json\/wp\/v2\/posts\/131655\/revisions\/131660"}],"wp:featuredmedia":[{"embeddable":true,"href":"https:\/\/nvnoticias.mx\/index.php\/wp-json\/wp\/v2\/media\/131659"}],"wp:attachment":[{"href":"https:\/\/nvnoticias.mx\/index.php\/wp-json\/wp\/v2\/media?parent=131655"}],"wp:term":[{"taxonomy":"category","embeddable":true,"href":"https:\/\/nvnoticias.mx\/index.php\/wp-json\/wp\/v2\/categories?post=131655"},{"taxonomy":"post_tag","embeddable":true,"href":"https:\/\/nvnoticias.mx\/index.php\/wp-json\/wp\/v2\/tags?post=131655"}],"curies":[{"name":"wp","href":"https:\/\/api.w.org\/{rel}","templated":true}]}}